{"id":145182,"date":"2019-08-02T07:54:03","date_gmt":"2019-08-02T10:54:03","guid":{"rendered":"https:\/\/diarioregionaldigital.com.br\/?p=145182"},"modified":"2019-08-02T22:19:50","modified_gmt":"2019-08-03T01:19:50","slug":"ser-aliado-extra-otan-beneficia-industria-de-defesa-diz-governo","status":"publish","type":"post","link":"https:\/\/diarioregionaldigital.com.br\/?p=145182","title":{"rendered":"Ser aliado extra-Otan beneficia ind\u00fastria de defesa, diz governo"},"content":{"rendered":"<p>A condi\u00e7\u00e3o de aliado priorit\u00e1rio extra-Otan,\u00a0conferida ao Brasil pelo presidente dos Estados Unidos, Donald Trump , vai abrir oportunidades no setor de defesa e interc\u00e2mbio militar, prev\u00ea o governo. Em nota conjunta, os minist\u00e9rios da Defesa e Rela\u00e7\u00f5es Exteriores projetam a amplia\u00e7\u00e3o de neg\u00f3cios no setor.<\/p>\n<p>&#8220;A base industrial de defesa brasileira poder\u00e1 ser beneficiada pelo status de MNNA [aliado priorit\u00e1rio extra-Otan] ao integrar-se de forma mais competitiva nas cadeias globais de valor de alta tecnologia do setor. Poder\u00e3o ser discutidas op\u00e7\u00f5es de maior acesso ao mercado norte-americano e a financiamentos para produtos de defesa exportados pelo Brasil, al\u00e9m da participa\u00e7\u00e3o em licita\u00e7\u00f5es e empreendimentos conjuntos. Espera-se, ademais, a facilita\u00e7\u00e3o de tr\u00e2mites para a aquisi\u00e7\u00e3o de produtos de alta tecnologia necess\u00e1rios ao avan\u00e7o de programas estrat\u00e9gicos nacionais&#8221;, diz a nota.<\/p>\n<p>A Organiza\u00e7\u00e3o do Tratado do Atl\u00e2ntico Norte (Otan) \u00e9 uma alian\u00e7a militar que envolve 29 pa\u00edses-membros da Europa ocidental e Am\u00e9rica do Norte. As regras atuais da Otan limitam os convites para integrar a alian\u00e7a a pa\u00edses europeus. Entretanto, desde o ano passado, a Col\u00f4mbia \u00e9 o \u00fanico &#8220;parceiro global&#8221; da Otan na Am\u00e9rica Latina. Os &#8220;parceiros globais&#8221; podem contribuir com as opera\u00e7\u00f5es e miss\u00f5es da alian\u00e7a, com base em um programa individual.<\/p>\n<p>Para o governo brasileiro, essa designa\u00e7\u00e3o tamb\u00e9m eleva a um patamar sem precedentes a rela\u00e7\u00e3o militar do pa\u00eds com os norte-americanos, com aprofundamento da coopera\u00e7\u00e3o e da confian\u00e7a estrat\u00e9gica entre as duas na\u00e7\u00f5es. &#8220;O status de MNNA [em ingl\u00eas, Major Non-NATO Ally] \u00e9 conferida a n\u00famero restrito de pa\u00edses, considerados de interesse estrat\u00e9gico para os EUA e torna-os eleg\u00edveis para maiores oportunidades de interc\u00e2mbio e assist\u00eancia militar, compra de material de defesa, treinamentos conjuntos e participa\u00e7\u00e3o em projetos&#8221;, acrescenta a nota conjunta do Itamaraty com o Minist\u00e9rio da Defesa.<\/p>\n<p>Com a designa\u00e7\u00e3o, o Brasil se torna o segundo pa\u00eds da Am\u00e9rica Latina, depois da Argentina, a receber o status especial, que permitir\u00e1 aprofundar a coopera\u00e7\u00e3o militar bilateral. Al\u00e9m deles, outros 16 pa\u00edses foram declarados aliados extra-Otan pelo governo americano.<\/p>\n<p>Trump havia indicado que pretendia nomear o Brasil como aliado preferencial extra-Otan quando o presidente Jair Bolsonaro visitou a Casa Branca em mar\u00e7o. O processo para designa\u00e7\u00e3o come\u00e7ou cerca de dois meses depois, em 8 de maio, quando Trump notificou o Congresso sobre a inten\u00e7\u00e3o por meio de carta, seguindo o procedimento legal, que determina que o Legislativo seja informado sobre a designa\u00e7\u00e3o de um aliado militar estrat\u00e9gico fora da Otan pelo menos 30 dias antes do status entrar em vigor.<\/p>\n<p>Fonte: Ag\u00eancia Brasil<\/p>\n","protected":false},"excerpt":{"rendered":"<p>A condi\u00e7\u00e3o de aliado priorit\u00e1rio extra-Otan,\u00a0conferida ao Brasil pelo presidente dos Estados Unidos, Donald Trump , vai abrir oportunidades no setor de defesa e interc\u00e2mbio militar, prev\u00ea o governo. Em nota conjunta, os minist\u00e9rios da Defesa e Rela\u00e7\u00f5es Exteriores projetam a amplia\u00e7\u00e3o de neg\u00f3cios no setor. &#8220;A base industrial de defesa brasileira poder\u00e1 ser beneficiada [&hellip;]<\/p>\n","protected":false},"author":96,"featured_media":97709,"comment_status":"closed","ping_status":"closed","sticky":false,"template":"","format":"standard","meta":{"footnotes":""},"categories":[302,436,439],"tags":[],"class_list":["post-145182","post","type-post","status-publish","format-standard","has-post-thumbnail","hentry","category-brasil-mundo","category-destaque-da-semana","category-ultima-hora"],"_links":{"self":[{"href":"https:\/\/diarioregionaldigital.com.br\/index.php?rest_route=\/wp\/v2\/posts\/145182","targetHints":{"allow":["GET"]}}],"collection":[{"href":"https:\/\/diarioregionaldigital.com.br\/index.php?rest_route=\/wp\/v2\/posts"}],"about":[{"href":"https:\/\/diarioregionaldigital.com.br\/index.php?rest_route=\/wp\/v2\/types\/post"}],"author":[{"embeddable":true,"href":"https:\/\/diarioregionaldigital.com.br\/index.php?rest_route=\/wp\/v2\/users\/96"}],"replies":[{"embeddable":true,"href":"https:\/\/diarioregionaldigital.com.br\/index.php?rest_route=%2Fwp%2Fv2%2Fcomments&post=145182"}],"version-history":[{"count":0,"href":"https:\/\/diarioregionaldigital.com.br\/index.php?rest_route=\/wp\/v2\/posts\/145182\/revisions"}],"wp:featuredmedia":[{"embeddable":true,"href":"https:\/\/diarioregionaldigital.com.br\/index.php?rest_route=\/wp\/v2\/media\/97709"}],"wp:attachment":[{"href":"https:\/\/diarioregionaldigital.com.br\/index.php?rest_route=%2Fwp%2Fv2%2Fmedia&parent=145182"}],"wp:term":[{"taxonomy":"category","embeddable":true,"href":"https:\/\/diarioregionaldigital.com.br\/index.php?rest_route=%2Fwp%2Fv2%2Fcategories&post=145182"},{"taxonomy":"post_tag","embeddable":true,"href":"https:\/\/diarioregionaldigital.com.br\/index.php?rest_route=%2Fwp%2Fv2%2Ftags&post=145182"}],"curies":[{"name":"wp","href":"https:\/\/api.w.org\/{rel}","templated":true}]}}