{"id":145178,"date":"2019-08-02T07:48:17","date_gmt":"2019-08-02T10:48:17","guid":{"rendered":"https:\/\/diarioregionaldigital.com.br\/?p=145178"},"modified":"2019-08-02T22:20:14","modified_gmt":"2019-08-03T01:20:14","slug":"lava-jato-deltan-nunca-pediu-investigacao-de-ministros-do-stf","status":"publish","type":"post","link":"https:\/\/diarioregionaldigital.com.br\/?p=145178","title":{"rendered":"Lava Jato: Deltan nunca pediu investiga\u00e7\u00e3o de ministros do STF"},"content":{"rendered":"<p>A for\u00e7a-tarefa de procuradores que atuam na Opera\u00e7\u00e3o Lava Jato em Curitiba afirmou nessa quinta-feira, 1\u00ba, que o procurador Deltan Dallagnol nunca pediu para a Receita Federal investigar ministros do Supremo Tribunal Federal (STF) ou seus familiares.<\/p>\n<p>Em nota divulgada \u00e0 imprensa, a for\u00e7a-tarefa disse que as informa\u00e7\u00f5es que surgiram durante as investiga\u00e7\u00f5es sobre pessoas que t\u00eam foro privilegiado foram encaminhadas \u00e0 Procuradoria-Geral da Rep\u00fablica (PGR) por meio de devida formaliza\u00e7\u00e3o.<\/p>\n<p>&#8220;As investiga\u00e7\u00f5es realizadas pelos integrantes da for\u00e7a-tarefa sempre foram restritas ao escopo de suas compet\u00eancias perante a 13\u00aa Vara Federal, na 1\u00aa inst\u00e2ncia do Judici\u00e1rio. As informa\u00e7\u00f5es sobre detentores de foro privilegiado que chegaram ao grupo sempre foram repassadas \u00e0 Procuradoria-Geral da Rep\u00fablica, como determina a lei. Algumas dessas informa\u00e7\u00f5es chegaram \u00e0 for\u00e7a-tarefa porque ela desempenha o papel de auxiliar da PGR na elabora\u00e7\u00e3o de acordos, mas nunca por causa de investiga\u00e7\u00f5es&#8221;, diz a nota.<\/p>\n<p>A manifesta\u00e7\u00e3o foi motivada por novas supostas conversas envolvendo o procurador. Em sua publica\u00e7\u00e3o mais recente, nesta quinta-feira (1\u00ba), o jornal\u00a0<em>Folha de S.Paulo<\/em>\u00a0e o\u00a0<em>site<\/em>\u00a0Intercept Brasil divulgaram mensagens em que o coordenador da Lava Jato, Deltan Dallagnol, estaria estimulando a for\u00e7a-tarefa a investigar ministros do Supremo, entre eles Gilmar Mendes e o presidente da Corte, Dias Toffoli, por meio de informa\u00e7\u00f5es da Receita Federal. A iniciativa abarcaria ainda as esposas dos ministros.<\/p>\n<p>Os procuradores tamb\u00e9m afirmaram que n\u00e3o reconhecem as conversas divulgadas pelo\u00a0<em>site<\/em>\u00a0e que as mensagens &#8220;t\u00eam sido usadas, de forma editada ou fora de contexto, para embasar acusa\u00e7\u00f5es e intrigas que n\u00e3o correspondem \u00e0 realidade&#8221;.<\/p>\n<p>Fonte: Ag\u00eancia Brasil<\/p>\n","protected":false},"excerpt":{"rendered":"<p>A for\u00e7a-tarefa de procuradores que atuam na Opera\u00e7\u00e3o Lava Jato em Curitiba afirmou nessa quinta-feira, 1\u00ba, que o procurador Deltan Dallagnol nunca pediu para a Receita Federal investigar ministros do Supremo Tribunal Federal (STF) ou seus familiares. Em nota divulgada \u00e0 imprensa, a for\u00e7a-tarefa disse que as informa\u00e7\u00f5es que surgiram durante as investiga\u00e7\u00f5es sobre pessoas [&hellip;]<\/p>\n","protected":false},"author":96,"featured_media":145180,"comment_status":"closed","ping_status":"closed","sticky":false,"template":"","format":"standard","meta":{"footnotes":""},"categories":[436,254,439],"tags":[],"class_list":["post-145178","post","type-post","status-publish","format-standard","has-post-thumbnail","hentry","category-destaque-da-semana","category-politica","category-ultima-hora"],"_links":{"self":[{"href":"https:\/\/diarioregionaldigital.com.br\/index.php?rest_route=\/wp\/v2\/posts\/145178","targetHints":{"allow":["GET"]}}],"collection":[{"href":"https:\/\/diarioregionaldigital.com.br\/index.php?rest_route=\/wp\/v2\/posts"}],"about":[{"href":"https:\/\/diarioregionaldigital.com.br\/index.php?rest_route=\/wp\/v2\/types\/post"}],"author":[{"embeddable":true,"href":"https:\/\/diarioregionaldigital.com.br\/index.php?rest_route=\/wp\/v2\/users\/96"}],"replies":[{"embeddable":true,"href":"https:\/\/diarioregionaldigital.com.br\/index.php?rest_route=%2Fwp%2Fv2%2Fcomments&post=145178"}],"version-history":[{"count":0,"href":"https:\/\/diarioregionaldigital.com.br\/index.php?rest_route=\/wp\/v2\/posts\/145178\/revisions"}],"wp:featuredmedia":[{"embeddable":true,"href":"https:\/\/diarioregionaldigital.com.br\/index.php?rest_route=\/wp\/v2\/media\/145180"}],"wp:attachment":[{"href":"https:\/\/diarioregionaldigital.com.br\/index.php?rest_route=%2Fwp%2Fv2%2Fmedia&parent=145178"}],"wp:term":[{"taxonomy":"category","embeddable":true,"href":"https:\/\/diarioregionaldigital.com.br\/index.php?rest_route=%2Fwp%2Fv2%2Fcategories&post=145178"},{"taxonomy":"post_tag","embeddable":true,"href":"https:\/\/diarioregionaldigital.com.br\/index.php?rest_route=%2Fwp%2Fv2%2Ftags&post=145178"}],"curies":[{"name":"wp","href":"https:\/\/api.w.org\/{rel}","templated":true}]}}