{"id":145177,"date":"2019-08-02T07:44:55","date_gmt":"2019-08-02T10:44:55","guid":{"rendered":"https:\/\/diarioregionaldigital.com.br\/?p=145177"},"modified":"2019-08-02T22:20:24","modified_gmt":"2019-08-03T01:20:24","slug":"barroso-pede-manifestacao-de-bolsonaro-sobre-pai-de-presidente-da-oab","status":"publish","type":"post","link":"https:\/\/diarioregionaldigital.com.br\/?p=145177","title":{"rendered":"Barroso pede manifesta\u00e7\u00e3o de Bolsonaro sobre pai de presidente da OAB"},"content":{"rendered":"<p>O ministro do Supremo Tribunal Federal (STF) Lu\u00eds Roberto Barroso concedeu\u00a0nessa quinta-feira, 1\u00ba, prazo de 15 dias para que o presidente Jair Bolsonaro se manifeste sobre uma peti\u00e7\u00e3o protocolada pelo presidente da Ordem dos Advogados do Brasil (OAB), Felipe Santa Cruz. A manifesta\u00e7\u00e3o de Bolsonaro \u00e9 facultativa.<\/p>\n<p>Santa Cruz pediu a interpela\u00e7\u00e3o\u00a0do presidente sobre uma\u00a0entrevista na qual\u00a0Bolsonaro disse\u00a0que o advogado Fernando Santa Cruz, pai do presidente da OAB, era militante de esquerda durante o per\u00edodo militar (1964-1985), foi morto por integrantes da A\u00e7\u00e3o Popular (AP), um grupo de luta armada contra o regime, e n\u00e3o pelas For\u00e7as Armadas.<\/p>\n<p>Ap\u00f3s as declara\u00e7\u00f5es, Felipe Santa Cruz se sentiu ofendido e pediu explica\u00e7\u00f5es sobre\u00a0o caso.<\/p>\n<p>&#8220;O pedido de explica\u00e7\u00f5es, previsto no art. 144 do C\u00f3digo Penal, tem por objetivo permitir ao interpelado esclarecer eventuais ambiguidades ou dubiedades dos termos utilizados. Assim, como de\u00a0praxe nesses casos, notifique-se o interpelado, o Sr. presidente da Rep\u00fablica, para, querendo, apresentar resposta \u00e0 presente interpela\u00e7\u00e3o, no prazo de 15 dias&#8221;, decidiu Barroso.<\/p>\n<p>Fonte: Ag\u00eancia Brasil<\/p>\n","protected":false},"excerpt":{"rendered":"<p>O ministro do Supremo Tribunal Federal (STF) Lu\u00eds Roberto Barroso concedeu\u00a0nessa quinta-feira, 1\u00ba, prazo de 15 dias para que o presidente Jair Bolsonaro se manifeste sobre uma peti\u00e7\u00e3o protocolada pelo presidente da Ordem dos Advogados do Brasil (OAB), Felipe Santa Cruz. A manifesta\u00e7\u00e3o de Bolsonaro \u00e9 facultativa. Santa Cruz pediu a interpela\u00e7\u00e3o\u00a0do presidente sobre uma\u00a0entrevista [&hellip;]<\/p>\n","protected":false},"author":96,"featured_media":144175,"comment_status":"closed","ping_status":"closed","sticky":false,"template":"","format":"standard","meta":{"footnotes":""},"categories":[436,254,439],"tags":[],"class_list":["post-145177","post","type-post","status-publish","format-standard","has-post-thumbnail","hentry","category-destaque-da-semana","category-politica","category-ultima-hora"],"_links":{"self":[{"href":"https:\/\/diarioregionaldigital.com.br\/index.php?rest_route=\/wp\/v2\/posts\/145177","targetHints":{"allow":["GET"]}}],"collection":[{"href":"https:\/\/diarioregionaldigital.com.br\/index.php?rest_route=\/wp\/v2\/posts"}],"about":[{"href":"https:\/\/diarioregionaldigital.com.br\/index.php?rest_route=\/wp\/v2\/types\/post"}],"author":[{"embeddable":true,"href":"https:\/\/diarioregionaldigital.com.br\/index.php?rest_route=\/wp\/v2\/users\/96"}],"replies":[{"embeddable":true,"href":"https:\/\/diarioregionaldigital.com.br\/index.php?rest_route=%2Fwp%2Fv2%2Fcomments&post=145177"}],"version-history":[{"count":0,"href":"https:\/\/diarioregionaldigital.com.br\/index.php?rest_route=\/wp\/v2\/posts\/145177\/revisions"}],"wp:featuredmedia":[{"embeddable":true,"href":"https:\/\/diarioregionaldigital.com.br\/index.php?rest_route=\/wp\/v2\/media\/144175"}],"wp:attachment":[{"href":"https:\/\/diarioregionaldigital.com.br\/index.php?rest_route=%2Fwp%2Fv2%2Fmedia&parent=145177"}],"wp:term":[{"taxonomy":"category","embeddable":true,"href":"https:\/\/diarioregionaldigital.com.br\/index.php?rest_route=%2Fwp%2Fv2%2Fcategories&post=145177"},{"taxonomy":"post_tag","embeddable":true,"href":"https:\/\/diarioregionaldigital.com.br\/index.php?rest_route=%2Fwp%2Fv2%2Ftags&post=145177"}],"curies":[{"name":"wp","href":"https:\/\/api.w.org\/{rel}","templated":true}]}}