{"id":145171,"date":"2019-08-02T07:39:11","date_gmt":"2019-08-02T10:39:11","guid":{"rendered":"https:\/\/diarioregionaldigital.com.br\/?p=145171"},"modified":"2019-08-02T22:20:39","modified_gmt":"2019-08-03T01:20:39","slug":"parque-da-lajinha-recebe-projeto-de-reflorestamento-do-ibitipoca-off-road","status":"publish","type":"post","link":"https:\/\/diarioregionaldigital.com.br\/?p=145171","title":{"rendered":"Parque da Lajinha recebe projeto de reflorestamento do \u201cIbitipoca Off Road\u201d"},"content":{"rendered":"<p>Na tarde desta quinta-feira, 1\u00ba, o Parque Natural Municipal da Lajinha foi palco do lan\u00e7amento do projeto \u201cBosque Ibitipoca Off Road\u201d, resultado de parceria firmada entre a Prefeitura de Juiz de Fora (PJF), por meio da Secretaria de Meio Ambiente e Ordenamento Urbano (Semaur), da organiza\u00e7\u00e3o do \u201crally\u201d Ibitipoca Off Road\u201d (IOR) e do Instituto Estadual de Florestas (IEF). Para marcar o in\u00edcio do projeto, que simboliza os 30 anos do evento, foi realizado o plantio de nove esp\u00e9cies nativas da Mata Atl\u00e2ntica, com a fixa\u00e7\u00e3o de placa denominativa no local que foi \u201cadotado\u201d pelo IOR, correspondente a uma \u00e1rea de 0,5 hectare.<\/p>\n<p>O coordenador do IOR e idealizador do projeto de reflorestamento nesta \u00e1rea do Parque da Lajinha, Manuel Rezende, explicou que esta \u00e9 uma forma de agradecer \u00e0 natureza por tudo que ela proporciona durante a realiza\u00e7\u00e3o do \u201crally\u201d. Neste primeiro momento, tr\u00eas \u00e1rvores plantadas j\u00e1 foram identificadas com nomes de pessoas que possuem alguma representatividade no evento: Thannus Lancini, participante de todas as 30 edi\u00e7\u00f5es do IOR, Emerson Loth, atual campe\u00e3o master da categoria de motos, e \u00c2ngelo Marciano, diretor da Faculdade Suprema, parceira do evento. Foram plantados ip\u00eas (rosa, branco e amarelo), murta, quaresmeira, duas mudas de pau-brasil e duas pitangueiras. O ip\u00ea-rosa foi plantado pelo subsecret\u00e1rio de Assuntos Ambientais e Urbanos da Semaur, Adair Elpes.<\/p>\n<p>Adair parabenizou a organiza\u00e7\u00e3o do IOR pela iniciativa e agradeceu a parceria do IEF no projeto, respons\u00e1vel pela doa\u00e7\u00e3o das mudas plantadas. \u201cEste ato realizado no Parque da Lajinha mostra o compromisso que a PJF tem com o meio ambiente e \u00e9 um exemplo a ser seguido, pois quem ganha \u00e9 a popula\u00e7\u00e3o\u201d, declarou. O chefe do Viveiro de Mudas do IEF de Juiz de Fora, Jos\u00e9 Maur\u00edcio Ferreira, destacou: \u201cDesejamos que todos os anos uma \u00e1rea verde possa ser recuperada\u201d.<\/p>\n<p>A proposta \u00e9 que o \u201cBosque IOR\u201d seja permanente. Em comemora\u00e7\u00e3o ao Dia da \u00c1rvore, 21 de setembro, ser\u00e1 realizado o plantio de 60 esp\u00e9cies tamb\u00e9m cedidas pelo IEF. As mudas receber\u00e3o o nome dos campe\u00f5es das 30 edi\u00e7\u00f5es do enduro IOR, das principais categorias de motos e carros. Sendo assim, a organiza\u00e7\u00e3o do IOR prezar\u00e1 para que o reflorestamento seja feito anualmente, sempre com a mesma proposta.<\/p>\n<p>Complementando a comemora\u00e7\u00e3o, tamb\u00e9m em 21 de setembro, ser\u00e1 realizado o evento \u201cIOR Sustent\u00e1vel\u201d, com oficinas de artesanato recicl\u00e1vel, conta\u00e7\u00e3o de hist\u00f3rias, a\u00e7\u00f5es de sa\u00fade, palestras interativas, desenvolvido com o apoio de empresas parceiras.<\/p>\n<p><b>O Parque<\/b><\/p>\n<p>Com os seus 880 mil metros quadrados, o Parque da Lajinha abriga uma diversidade de flora e fauna que o transforma em um dos pontos tur\u00edsticos mais importantes de Juiz de Fora. Fundado em 1983, tem uma estrutura composta por coreto, bondes, quiosques, campo de futebol, viveiro de plantas e atrativos naturais para o lazer, tais como: lago, cachoeiras, trilhas, jardins e uma floresta remanescente de Mata Atl\u00e2ntica.<\/p>\n<p><b>Ibitipoca Off Road<\/b><\/p>\n<p>Considerado um dos maiores \u201crallys\u201d do pa\u00eds, o evento \u201cIbitipoca Off Road\u201d acontece h\u00e1 30 anos, com o percurso de Juiz de Fora ao distrito de Concei\u00e7\u00e3o de Ibitipoca, em Lima Duarte (ida e volta). Na edi\u00e7\u00e3o deste ano, o evento ser\u00e1 no pr\u00f3ximo final de semana, dias 3 e 4.<\/p>\n<p>Fonte: PJF<\/p>\n","protected":false},"excerpt":{"rendered":"<p>Na tarde desta quinta-feira, 1\u00ba, o Parque Natural Municipal da Lajinha foi palco do lan\u00e7amento do projeto \u201cBosque Ibitipoca Off Road\u201d, resultado de parceria firmada entre a Prefeitura de Juiz de Fora (PJF), por meio da Secretaria de Meio Ambiente e Ordenamento Urbano (Semaur), da organiza\u00e7\u00e3o do \u201crally\u201d Ibitipoca Off Road\u201d (IOR) e do Instituto [&hellip;]<\/p>\n","protected":false},"author":96,"featured_media":145175,"comment_status":"closed","ping_status":"closed","sticky":false,"template":"","format":"standard","meta":{"footnotes":""},"categories":[253,436,440,439],"tags":[],"class_list":["post-145171","post","type-post","status-publish","format-standard","has-post-thumbnail","hentry","category-cidade","category-destaque-da-semana","category-destaques-do-dia","category-ultima-hora"],"_links":{"self":[{"href":"https:\/\/diarioregionaldigital.com.br\/index.php?rest_route=\/wp\/v2\/posts\/145171","targetHints":{"allow":["GET"]}}],"collection":[{"href":"https:\/\/diarioregionaldigital.com.br\/index.php?rest_route=\/wp\/v2\/posts"}],"about":[{"href":"https:\/\/diarioregionaldigital.com.br\/index.php?rest_route=\/wp\/v2\/types\/post"}],"author":[{"embeddable":true,"href":"https:\/\/diarioregionaldigital.com.br\/index.php?rest_route=\/wp\/v2\/users\/96"}],"replies":[{"embeddable":true,"href":"https:\/\/diarioregionaldigital.com.br\/index.php?rest_route=%2Fwp%2Fv2%2Fcomments&post=145171"}],"version-history":[{"count":0,"href":"https:\/\/diarioregionaldigital.com.br\/index.php?rest_route=\/wp\/v2\/posts\/145171\/revisions"}],"wp:featuredmedia":[{"embeddable":true,"href":"https:\/\/diarioregionaldigital.com.br\/index.php?rest_route=\/wp\/v2\/media\/145175"}],"wp:attachment":[{"href":"https:\/\/diarioregionaldigital.com.br\/index.php?rest_route=%2Fwp%2Fv2%2Fmedia&parent=145171"}],"wp:term":[{"taxonomy":"category","embeddable":true,"href":"https:\/\/diarioregionaldigital.com.br\/index.php?rest_route=%2Fwp%2Fv2%2Fcategories&post=145171"},{"taxonomy":"post_tag","embeddable":true,"href":"https:\/\/diarioregionaldigital.com.br\/index.php?rest_route=%2Fwp%2Fv2%2Ftags&post=145171"}],"curies":[{"name":"wp","href":"https:\/\/api.w.org\/{rel}","templated":true}]}}