{"id":145130,"date":"2019-08-04T05:58:45","date_gmt":"2019-08-04T08:58:45","guid":{"rendered":"https:\/\/diarioregionaldigital.com.br\/?p=145130"},"modified":"2019-08-01T18:01:18","modified_gmt":"2019-08-01T21:01:18","slug":"centro-de-atencao-ao-cidadao-realizou-quase-30-mil-atendimentos-no-primeiro-semestre-de-2019","status":"publish","type":"post","link":"https:\/\/diarioregionaldigital.com.br\/?p=145130","title":{"rendered":"Centro de Aten\u00e7\u00e3o ao Cidad\u00e3o realizou quase 30 mil atendimentos no primeiro semestre de 2019"},"content":{"rendered":"<p>29.616 mil foi o n\u00famero de atendimentos realizados pelo Centro de Aten\u00e7\u00e3o ao Cidad\u00e3o (CAC) da C\u00e2mara Municipal de Juiz de Fora no primeiro semestre de 2019. O CAC conta com uma equipe formada por soci\u00f3logos, assistentes sociais e advogados que atenderam 514 pessoas no primeiro semestre, conforme divulgado pela Casa. Al\u00e9m disso, s\u00e3o disponibilizados diversos servi\u00e7os a popula\u00e7\u00e3o, como a emiss\u00e3o de carteira de identidade, de certid\u00f5es de nascimento, casamento e \u00f3bito, o Servi\u00e7o de Defesa do Consumidor (Sedecon) e o Fiscaliza JF.<\/p>\n<p>Das 514 pessoas atendidas no primeiro semestre, 408 receberam orienta\u00e7\u00e3o jur\u00eddica e 106 foram atendidas por assistentes sociais. No posto de identifica\u00e7\u00e3o, 20.080 pessoas receberam atendimentos. Entre os meses de janeiro e junho, das mais de 20 mil pessoas, 9.354 solicitaram a emiss\u00e3o de carteiras de identidade. Al\u00e9m disso, foi realizada a emiss\u00e3o de 2.227 certid\u00f5es.<\/p>\n<p>O Centro de Aten\u00e7\u00e3o ao Cidad\u00e3o ainda conta com os servi\u00e7os de impress\u00e3o de atestado de antecedentes no site da Pol\u00edcia Civil de Minas Gerais, emiss\u00e3o de 2\u00aa via de Cadastro de Pessoas F\u00edsicas &#8211; CPF por meio do site da Receita Federal, emiss\u00e3o de situa\u00e7\u00e3o de regularidade no TSE no site do Tribunal Superior Eleitoral e a elabora\u00e7\u00e3o de curr\u00edculos &#8211; estes servi\u00e7os somaram 3.893 atendimentos, conforme divulgado pela C\u00e2mara na \u00faltima semana.<\/p>\n<p>J\u00e1 o Servi\u00e7o de Defesa do Consumidor (Sedecon) solucionou 57,6% dos casos atendidos entre janeiro e julho. Neste per\u00edodo, o n\u00famero de casos com resolu\u00e7\u00e3o aumentou em rela\u00e7\u00e3o ao ano passado. Foram 2.122 atendimentos e 1.827 processos, dos quais 700 seguem em andamento. Durante o Feir\u00e3o Limpa Nomerealizado pelo Sedecon em abril, cujo o objetivo era oferecer condi\u00e7\u00f5es especiais para o pagamento de d\u00edvidas, foram atendidas 753 pessoas. Destes casos, apenas 130 n\u00e3o resultaram em acordo.<\/p>\n<p>Atrav\u00e9s da assessoria da Casa, o coordenador do CAC, Marcos Paulo Franco Florenzano, destacou a import\u00e2ncia do Legislativo disponibilizar os servi\u00e7os oferecidos pelo CAC. \u201cA C\u00e2mara Municipal \u00e9 a Casa do Povo e fica no cora\u00e7\u00e3o de Juiz de Fora, ent\u00e3o n\u00f3s precisamos ter uma conex\u00e3o com a comunidade. Esse \u00e9 justamente o papel do CAC: ser uma liga\u00e7\u00e3o entre a popula\u00e7\u00e3o juiz-forana e a Casa, oferecendo v\u00e1rios servi\u00e7os \u00fateis para os cidad\u00e3os\u201d, disse.<\/p>\n<p>&nbsp;<\/p>\n<p><strong>Outros projetos\u00a0<\/strong><\/p>\n<p>O Fiscaliza JF, programa que verifica a qualidade dos servi\u00e7os oferecidos pela Prefeitura de Juiz de Fora, recebeu 21 demandas entre janeiro e junho. O \u00f3rg\u00e3o tem uma rotina de fiscaliza\u00e7\u00e3o pr\u00f3pria e atende demandas da sociedade e dos vereadores. No primeiro semestre, 13 equipamentos p\u00fablicos receberam a visita do Fiscaliza JF. As observa\u00e7\u00f5es feitas durante as visitas comp\u00f5em um relat\u00f3rio que \u00e9 encaminhado ao Executivo. Quem deseja fazer pedidos de fiscaliza\u00e7\u00e3o ao Fiscaliza JF pode entrar em contato por meio do n\u00famero\u00a0 3250-2908, comparecer \u00e0 C\u00e2mara Municipal ou fazer a solicita\u00e7\u00e3o pela internet.<\/p>\n<p>J\u00e1 o \u201cConhe\u00e7a a C\u00e2mara\u201d, projeto criado em 2012 que visa incentivar a participa\u00e7\u00e3o popular na Casa, proporcionou 8 visitas ao pr\u00e9dio da C\u00e2mara entre janeiro e junho, totalizando 221 visitantes. O projeto recebe grupos interessados em conhecer o papel, a estrutura e o funcionamento do Poder Legislativo Municipal. Os col\u00e9gios, faculdades e entidades que desejam trazer grupos para a visita guiada devem entrar em contato por meio do n\u00famero 3313-4934, do e-mail cidadao@camarajf.mg.gov.br ou da P\u00e1gina \u201cConhe\u00e7a a C\u00e2mara\u201d, no Facebook. As visitas s\u00e3o agendadas conforme a ordem na lista de espera e acontecem durante o per\u00edodo legislativo.<\/p>\n<p>A C\u00e2mara S\u00eanior, composta por representantes com mais de 60 anos e por cinco institui\u00e7\u00f5es de Juiz de Fora, reuniu-se seis vezes. O projeto \u00e9 uma iniciativa da Comiss\u00e3o Permanente de Defesa dos Direitos dos Idosos que tem como objetivo promover o envolvimento dos idosos com as discuss\u00f5es da C\u00e2mara.<\/p>\n<p>Neste ano, o CAC firmou parceria tempor\u00e1ria com o Tribunal Regional Eleitoral (TRE) e a C\u00e2mara est\u00e1 funcionando como um ponto de cadastramento biom\u00e9trico para os eleitores de Juiz de Fora. O CAC tamb\u00e9m disponibiliza o Servi\u00e7o de Defesa do Consumidor (Sedecon), que possui uma equipe preparada para orientar os consumidores que se sintam lesados. Al\u00e9m disso, h\u00e1 o projeto \u201cDiversidade &#8211; Somos todos diferentes\u201d, que desenvolve palestras, oficinas, din\u00e2micas e debates para incentivar a reflex\u00e3o sobre igualdade e inclus\u00e3o social.<\/p>\n<p>Os atendimentos do CAC s\u00e3o realizados no sagu\u00e3o da C\u00e2mara Municipal, de segunda a quinta-feira, de 8h \u00e0s 18h, e na sexta-feira, de 8h \u00e0s 17h. Os interessados em se inscrever para algum dos projetos do CAC podem procurar mais informa\u00e7\u00f5es atrav\u00e9s dos telefones: 3313- 4934 \/ 4919 \/ 4904.<\/p>\n<p>&nbsp;<\/p>\n","protected":false},"excerpt":{"rendered":"<p>29.616 mil foi o n\u00famero de atendimentos realizados pelo Centro de Aten\u00e7\u00e3o ao Cidad\u00e3o (CAC) da C\u00e2mara Municipal de Juiz de Fora no primeiro semestre de 2019. O CAC conta com uma equipe formada por soci\u00f3logos, assistentes sociais e advogados que atenderam 514 pessoas no primeiro semestre, conforme divulgado pela Casa. Al\u00e9m disso, s\u00e3o disponibilizados [&hellip;]<\/p>\n","protected":false},"author":96,"featured_media":145134,"comment_status":"closed","ping_status":"closed","sticky":false,"template":"","format":"standard","meta":{"footnotes":""},"categories":[253,436,440,439],"tags":[],"class_list":["post-145130","post","type-post","status-publish","format-standard","has-post-thumbnail","hentry","category-cidade","category-destaque-da-semana","category-destaques-do-dia","category-ultima-hora"],"_links":{"self":[{"href":"https:\/\/diarioregionaldigital.com.br\/index.php?rest_route=\/wp\/v2\/posts\/145130","targetHints":{"allow":["GET"]}}],"collection":[{"href":"https:\/\/diarioregionaldigital.com.br\/index.php?rest_route=\/wp\/v2\/posts"}],"about":[{"href":"https:\/\/diarioregionaldigital.com.br\/index.php?rest_route=\/wp\/v2\/types\/post"}],"author":[{"embeddable":true,"href":"https:\/\/diarioregionaldigital.com.br\/index.php?rest_route=\/wp\/v2\/users\/96"}],"replies":[{"embeddable":true,"href":"https:\/\/diarioregionaldigital.com.br\/index.php?rest_route=%2Fwp%2Fv2%2Fcomments&post=145130"}],"version-history":[{"count":0,"href":"https:\/\/diarioregionaldigital.com.br\/index.php?rest_route=\/wp\/v2\/posts\/145130\/revisions"}],"wp:featuredmedia":[{"embeddable":true,"href":"https:\/\/diarioregionaldigital.com.br\/index.php?rest_route=\/wp\/v2\/media\/145134"}],"wp:attachment":[{"href":"https:\/\/diarioregionaldigital.com.br\/index.php?rest_route=%2Fwp%2Fv2%2Fmedia&parent=145130"}],"wp:term":[{"taxonomy":"category","embeddable":true,"href":"https:\/\/diarioregionaldigital.com.br\/index.php?rest_route=%2Fwp%2Fv2%2Fcategories&post=145130"},{"taxonomy":"post_tag","embeddable":true,"href":"https:\/\/diarioregionaldigital.com.br\/index.php?rest_route=%2Fwp%2Fv2%2Ftags&post=145130"}],"curies":[{"name":"wp","href":"https:\/\/api.w.org\/{rel}","templated":true}]}}