{"id":145128,"date":"2019-08-04T05:59:42","date_gmt":"2019-08-04T08:59:42","guid":{"rendered":"https:\/\/diarioregionaldigital.com.br\/?p=145128"},"modified":"2019-08-01T17:52:21","modified_gmt":"2019-08-01T20:52:21","slug":"agosto-dourado-curso-de-gestante-marca-o-inicio-das-atividades","status":"publish","type":"post","link":"https:\/\/diarioregionaldigital.com.br\/?p=145128","title":{"rendered":"\u201cAgosto Dourado\u201d: curso de gestante marca o in\u00edcio das atividades"},"content":{"rendered":"<p>O m\u00eas de Agosto \u00e9 mundialmente dedicado \u00e0 promo\u00e7\u00e3o do aleitamento materno. E para dar in\u00edcio as atividades do \u201cAgostoDourado\u201d, o Banco de Leite Humano (BLH) promover\u00e1 uma edi\u00e7\u00e3o especial do curso de gestante que Serpa realizado no pr\u00f3ximo dia 7 de agosto, \u00e0s 17h, no audit\u00f3rio da C\u00e2mara Municipal de Juiz de Fora.<\/p>\n<p>Ao todo s\u00e3o oferecidas 50 vagas para as gestantes, sendo que cada mulher pode levar um acompanhante. Para participar, as m\u00e3es devem fazer uma inscri\u00e7\u00e3o atrav\u00e9s do\u00a0<a href=\"https:\/\/docs.google.com\/forms\/d\/e\/1FAIpQLSdgIdhy6z0-e-UUnUONyvZtsAvPiKbim41kn2xe6P7R3qiCIw\/viewform?vc=0&amp;c=0&amp;w=1\">formul\u00e1rio<\/a>\u00a0ou ligar para o telefone 3690-7436. As inscri\u00e7\u00f5es podem ser feitas at\u00e9 o dia do curso, dependendo da disponibilidade.<\/p>\n<p>Na programa\u00e7\u00e3o de palestras do curso de gestante, ser\u00e3o abordados v\u00e1rios temas relacionados aos cuidados da m\u00e3e do beb\u00ea, sendo eles: partos normal e cesariano, com o obstetra do Departamento de Sa\u00fade da Mulher, Dr. Alexandre Ronzani; orienta\u00e7\u00f5es posturais e atividades f\u00edsicas na gesta\u00e7\u00e3o com a fisioterapeuta especialista em sa\u00fade da mulher, Dra. Patr\u00edcia Pereira; cuidados nutricionais na gesta\u00e7\u00e3o com a nutricionista do BLH, Wanessa Aquino; primeiros cuidados com o rec\u00e9m nascido com a pediatra do Departamento de Sa\u00fade da Crian\u00e7a e do Adolescente, Dra. M\u00e1rcia Knop; cuidados odontol\u00f3gicos na gesta\u00e7\u00e3o e com o beb\u00ea com a odontopediatra, Dra. Lu\u00edsa Caiafa e aleitamento materno com enfermeira do BLH, Fl\u00e1via Cobuci.<\/p>\n<p>\u201cA amamenta\u00e7\u00e3o, embora seja visto como algo simples, natural e instintivo, \u00e9 um comportamento e, por isso, precisa ser aprendido e treinado. M\u00e3e e beb\u00ea precisam se adaptar a esse novo processo. \u00c9 um momento que gera d\u00favidas e dificuldades, por isso quanto mais cedo o tema for abordado no pr\u00e9-natal, mais sensibilizada estar\u00e1 essa m\u00e3e para lidar com o seu beb\u00ea\u201d, explica a enfermeira BLH, Fl\u00e1via Cobuci.<\/p>\n<p>&nbsp;<\/p>\n<p><strong>\u201cAgosto Dourado\u201d<\/strong><\/p>\n<p>O curso de gestante marca o in\u00edcio das atividades do \u201cAgosto Dourado\u201d em Juiz de Fora, que \u00e9 comemorado durante o m\u00eas inteiro. A cor faz alus\u00e3o ao leite materno, alimento de ouro para o beb\u00ea, que por ser rico nutricionalmente \u00e9 insubstitu\u00edvel.<\/p>\n<p>Al\u00e9m do curso de gestante, a programa\u00e7\u00e3o vai contar com uma a\u00e7\u00e3o no Cal\u00e7ad\u00e3o da Rua Halfeld, no dia 15 de Agosto, com orienta\u00e7\u00f5es sobre aleitamento materno, incentivo \u00e0 doa\u00e7\u00e3o de leite e posto de coleta de potes de vidro.<\/p>\n<p>Al\u00e9m disso, tamb\u00e9m haver\u00e1 um mama\u00e7o no Museu Mariano Proc\u00f3pio, com roda de conversa e dan\u00e7a materna, no dia 31 de agosto.<\/p>\n","protected":false},"excerpt":{"rendered":"<p>O m\u00eas de Agosto \u00e9 mundialmente dedicado \u00e0 promo\u00e7\u00e3o do aleitamento materno. E para dar in\u00edcio as atividades do \u201cAgostoDourado\u201d, o Banco de Leite Humano (BLH) promover\u00e1 uma edi\u00e7\u00e3o especial do curso de gestante que Serpa realizado no pr\u00f3ximo dia 7 de agosto, \u00e0s 17h, no audit\u00f3rio da C\u00e2mara Municipal de Juiz de Fora. Ao [&hellip;]<\/p>\n","protected":false},"author":96,"featured_media":145133,"comment_status":"closed","ping_status":"closed","sticky":false,"template":"","format":"standard","meta":{"footnotes":""},"categories":[253,436,440,439],"tags":[],"class_list":["post-145128","post","type-post","status-publish","format-standard","has-post-thumbnail","hentry","category-cidade","category-destaque-da-semana","category-destaques-do-dia","category-ultima-hora"],"_links":{"self":[{"href":"https:\/\/diarioregionaldigital.com.br\/index.php?rest_route=\/wp\/v2\/posts\/145128","targetHints":{"allow":["GET"]}}],"collection":[{"href":"https:\/\/diarioregionaldigital.com.br\/index.php?rest_route=\/wp\/v2\/posts"}],"about":[{"href":"https:\/\/diarioregionaldigital.com.br\/index.php?rest_route=\/wp\/v2\/types\/post"}],"author":[{"embeddable":true,"href":"https:\/\/diarioregionaldigital.com.br\/index.php?rest_route=\/wp\/v2\/users\/96"}],"replies":[{"embeddable":true,"href":"https:\/\/diarioregionaldigital.com.br\/index.php?rest_route=%2Fwp%2Fv2%2Fcomments&post=145128"}],"version-history":[{"count":0,"href":"https:\/\/diarioregionaldigital.com.br\/index.php?rest_route=\/wp\/v2\/posts\/145128\/revisions"}],"wp:featuredmedia":[{"embeddable":true,"href":"https:\/\/diarioregionaldigital.com.br\/index.php?rest_route=\/wp\/v2\/media\/145133"}],"wp:attachment":[{"href":"https:\/\/diarioregionaldigital.com.br\/index.php?rest_route=%2Fwp%2Fv2%2Fmedia&parent=145128"}],"wp:term":[{"taxonomy":"category","embeddable":true,"href":"https:\/\/diarioregionaldigital.com.br\/index.php?rest_route=%2Fwp%2Fv2%2Fcategories&post=145128"},{"taxonomy":"post_tag","embeddable":true,"href":"https:\/\/diarioregionaldigital.com.br\/index.php?rest_route=%2Fwp%2Fv2%2Ftags&post=145128"}],"curies":[{"name":"wp","href":"https:\/\/api.w.org\/{rel}","templated":true}]}}