{"id":145104,"date":"2019-08-04T06:00:20","date_gmt":"2019-08-04T09:00:20","guid":{"rendered":"https:\/\/diarioregionaldigital.com.br\/?p=145104"},"modified":"2019-08-01T17:40:26","modified_gmt":"2019-08-01T20:40:26","slug":"projeto-criminaliza-o-incentivo-pela-internet-a-atos-lesivos-a-propria-saude","status":"publish","type":"post","link":"https:\/\/diarioregionaldigital.com.br\/?p=145104","title":{"rendered":"Projeto criminaliza o incentivo, pela internet, a atos lesivos \u00e0 pr\u00f3pria sa\u00fade"},"content":{"rendered":"<p>Est\u00e1 pronto para ser votado na Comiss\u00e3o de Constitui\u00e7\u00e3o, Justi\u00e7a e Cidadania (CCJ) o projeto de lei que tipifica como crime a \u201cconduta cibern\u00e9tica prejudicial \u00e0 sa\u00fade, \u00e0 incolumidade f\u00edsica ou ps\u00edquica ou \u00e0 vida de outrem\u201d.<\/p>\n<p>De autoria do senador Conf\u00facio Moura (MDB-RO), o\u00a0<a href=\"https:\/\/www25.senado.leg.br\/web\/atividade\/materias\/-\/materia\/135288\">PL 847\/2019<\/a>\u00a0determina que incorrer\u00e1 nesse crime a pessoa que induzir, instigar, constranger ou amea\u00e7ar algu\u00e9m, por meio da rede mundial de computadores, a praticar ato prejudicial \u00e0 sua sa\u00fade, \u00e0 sua incolumidade f\u00edsica ou ps\u00edquica ou \u00e0 sua vida.<\/p>\n<p>A pena prevista pelo projeto \u00e9 de reclus\u00e3o de um a quatro anos mais multa. A pena poder\u00e1 ser aumentada, de um ter\u00e7o at\u00e9 a metade, se a v\u00edtima for menor de 18 anos, maior de 60 anos ou apresentar defici\u00eancia mental.<\/p>\n<p>O autor afirma na justifica\u00e7\u00e3o do projeto que fen\u00f4menos da internet como o \u2018jogo da baleia azul\u2019 est\u00e3o se disseminando na internet.<\/p>\n<p>\u201cO mundo online em que as pessoas est\u00e3o inseridas pode estar contribuindo para esse cen\u00e1rio. \u00c9 crescente o uso de instrumentos eletr\u00f4nicos como computadores, celulares e tablets. Nesse ambiente, as pessoas, principalmente as crian\u00e7as e adolescentes, se sentem pressionadas pelas redes sociais a seguir certo estilo de vida, como uma necessidade de reafirma\u00e7\u00e3o e de inser\u00e7\u00e3o. Em muitos casos, para serem aceitos pelos grupos, os jovens precisam lesionar o pr\u00f3prio corpo e divulgar o resultado por meio de fotos ou v\u00eddeos nas redes sociais\u201d, afirma Conf\u00facio Moura.<\/p>\n<p>O PL, que altera o\u00a0<a href=\"http:\/\/www.planalto.gov.br\/ccivil_03\/decreto-lei\/Del2848compilado.htm\">C\u00f3digo Penal<\/a>\u00a0(<a href=\"http:\/\/www.planalto.gov.br\/ccivil_03\/decreto-lei\/del2848compilado.htm\">Decreto-Lei 2848, de 1940<\/a>) , j\u00e1 tem voto favor\u00e1vel do relator, senador Rodrigo Cunha (PSDB-AL), para quem a proposta vai ajudar a coibir malef\u00edcios cibern\u00e9ticos como o \u2018jogo da baleia azul\u2019 e o \u2018desafio da Momo\u201d, que incentivam adolescentes a automutila\u00e7\u00f5es e at\u00e9 ao suic\u00eddio. Se aprovado na CCJ, o projeto poder\u00e1 seguir direto para vota\u00e7\u00e3o na C\u00e2mara dos Deputados se n\u00e3o houver requerimento para que seja votado tamb\u00e9m pelo Plen\u00e1rio do Senado Federal.<\/p>\n<p>&nbsp;<\/p>\n<p>Fonte: Ag\u00eancia Senado<\/p>\n","protected":false},"excerpt":{"rendered":"<p>Est\u00e1 pronto para ser votado na Comiss\u00e3o de Constitui\u00e7\u00e3o, Justi\u00e7a e Cidadania (CCJ) o projeto de lei que tipifica como crime a \u201cconduta cibern\u00e9tica prejudicial \u00e0 sa\u00fade, \u00e0 incolumidade f\u00edsica ou ps\u00edquica ou \u00e0 vida de outrem\u201d. De autoria do senador Conf\u00facio Moura (MDB-RO), o\u00a0PL 847\/2019\u00a0determina que incorrer\u00e1 nesse crime a pessoa que induzir, instigar, [&hellip;]<\/p>\n","protected":false},"author":96,"featured_media":145106,"comment_status":"closed","ping_status":"closed","sticky":false,"template":"","format":"standard","meta":{"footnotes":""},"categories":[436,254,439],"tags":[],"class_list":["post-145104","post","type-post","status-publish","format-standard","has-post-thumbnail","hentry","category-destaque-da-semana","category-politica","category-ultima-hora"],"_links":{"self":[{"href":"https:\/\/diarioregionaldigital.com.br\/index.php?rest_route=\/wp\/v2\/posts\/145104","targetHints":{"allow":["GET"]}}],"collection":[{"href":"https:\/\/diarioregionaldigital.com.br\/index.php?rest_route=\/wp\/v2\/posts"}],"about":[{"href":"https:\/\/diarioregionaldigital.com.br\/index.php?rest_route=\/wp\/v2\/types\/post"}],"author":[{"embeddable":true,"href":"https:\/\/diarioregionaldigital.com.br\/index.php?rest_route=\/wp\/v2\/users\/96"}],"replies":[{"embeddable":true,"href":"https:\/\/diarioregionaldigital.com.br\/index.php?rest_route=%2Fwp%2Fv2%2Fcomments&post=145104"}],"version-history":[{"count":0,"href":"https:\/\/diarioregionaldigital.com.br\/index.php?rest_route=\/wp\/v2\/posts\/145104\/revisions"}],"wp:featuredmedia":[{"embeddable":true,"href":"https:\/\/diarioregionaldigital.com.br\/index.php?rest_route=\/wp\/v2\/media\/145106"}],"wp:attachment":[{"href":"https:\/\/diarioregionaldigital.com.br\/index.php?rest_route=%2Fwp%2Fv2%2Fmedia&parent=145104"}],"wp:term":[{"taxonomy":"category","embeddable":true,"href":"https:\/\/diarioregionaldigital.com.br\/index.php?rest_route=%2Fwp%2Fv2%2Fcategories&post=145104"},{"taxonomy":"post_tag","embeddable":true,"href":"https:\/\/diarioregionaldigital.com.br\/index.php?rest_route=%2Fwp%2Fv2%2Ftags&post=145104"}],"curies":[{"name":"wp","href":"https:\/\/api.w.org\/{rel}","templated":true}]}}