{"id":145097,"date":"2019-08-04T06:00:50","date_gmt":"2019-08-04T09:00:50","guid":{"rendered":"https:\/\/diarioregionaldigital.com.br\/?p=145097"},"modified":"2019-08-01T17:37:18","modified_gmt":"2019-08-01T20:37:18","slug":"endividamento-de-familias-cresce-pelo-setimo-mes-seguido-diz-cnc-2","status":"publish","type":"post","link":"https:\/\/diarioregionaldigital.com.br\/?p=145097","title":{"rendered":"Endividamento de fam\u00edlias cresce pelo s\u00e9timo m\u00eas seguido, diz CNC"},"content":{"rendered":"<p>O percentual de fam\u00edlias endividadas no pa\u00eds cresceu de 64% em junho para 64,1% em julho deste ano. Segundo a Pesquisa de Endividamento e Inadimpl\u00eancia do Consumidor (Peic), da Confedera\u00e7\u00e3o Nacional do Com\u00e9rcio de Bens, Servi\u00e7os e Turismo (CNC), \u00e9 a s\u00e9tima alta consecutiva do indicador.<\/p>\n<p>O percentual de endividados, ou seja, de pessoas que t\u00eam d\u00edvidas em atraso ou n\u00e3o, tamb\u00e9m cresceu na compara\u00e7\u00e3o com julho do ano passado, quando a propor\u00e7\u00e3o era de 59,6% das fam\u00edlias. Nesse tipo de compara\u00e7\u00e3o, \u00e9 a sexta alta consecutiva.<\/p>\n<p>A pesquisa tamb\u00e9m mostrou que houve aumento no n\u00famero de inadimplentes, que s\u00e3o os que t\u00eam contas ou d\u00edvidas em atraso: de 23,6% em junho para 23,9% em julho deste ano. Houve alta ainda na compara\u00e7\u00e3o com julho de 2018 (23,7%).<\/p>\n<p>J\u00e1 aqueles que n\u00e3o ter\u00e3o condi\u00e7\u00f5es de pagar suas contas em atraso somaram 9,6% em julho deste ano, acima dos 9,5% de junho deste ano e dos 9,4% de julho do ano passado.<\/p>\n<p>Entre as fam\u00edlias com contas ou d\u00edvidas em atraso, o tempo m\u00e9dio de atraso foi de 64 dias em julho deste ano, superior aos 62,9 dias de julho de 2018. O tempo m\u00e9dio de comprometimento com d\u00edvidas entre as fam\u00edlias endividadas foi de sete meses, sendo que 32% delas est\u00e3o comprometidas com d\u00edvidas por mais de um ano, de acordo com a CNC.<\/p>\n<p>&nbsp;<\/p>\n<p>Fonte: Ag\u00eancia Brasil<\/p>\n","protected":false},"excerpt":{"rendered":"<p>O percentual de fam\u00edlias endividadas no pa\u00eds cresceu de 64% em junho para 64,1% em julho deste ano. Segundo a Pesquisa de Endividamento e Inadimpl\u00eancia do Consumidor (Peic), da Confedera\u00e7\u00e3o Nacional do Com\u00e9rcio de Bens, Servi\u00e7os e Turismo (CNC), \u00e9 a s\u00e9tima alta consecutiva do indicador. O percentual de endividados, ou seja, de pessoas que [&hellip;]<\/p>\n","protected":false},"author":96,"featured_media":143395,"comment_status":"closed","ping_status":"closed","sticky":false,"template":"","format":"standard","meta":{"footnotes":""},"categories":[436,261,439],"tags":[],"class_list":["post-145097","post","type-post","status-publish","format-standard","has-post-thumbnail","hentry","category-destaque-da-semana","category-economia","category-ultima-hora"],"_links":{"self":[{"href":"https:\/\/diarioregionaldigital.com.br\/index.php?rest_route=\/wp\/v2\/posts\/145097","targetHints":{"allow":["GET"]}}],"collection":[{"href":"https:\/\/diarioregionaldigital.com.br\/index.php?rest_route=\/wp\/v2\/posts"}],"about":[{"href":"https:\/\/diarioregionaldigital.com.br\/index.php?rest_route=\/wp\/v2\/types\/post"}],"author":[{"embeddable":true,"href":"https:\/\/diarioregionaldigital.com.br\/index.php?rest_route=\/wp\/v2\/users\/96"}],"replies":[{"embeddable":true,"href":"https:\/\/diarioregionaldigital.com.br\/index.php?rest_route=%2Fwp%2Fv2%2Fcomments&post=145097"}],"version-history":[{"count":0,"href":"https:\/\/diarioregionaldigital.com.br\/index.php?rest_route=\/wp\/v2\/posts\/145097\/revisions"}],"wp:featuredmedia":[{"embeddable":true,"href":"https:\/\/diarioregionaldigital.com.br\/index.php?rest_route=\/wp\/v2\/media\/143395"}],"wp:attachment":[{"href":"https:\/\/diarioregionaldigital.com.br\/index.php?rest_route=%2Fwp%2Fv2%2Fmedia&parent=145097"}],"wp:term":[{"taxonomy":"category","embeddable":true,"href":"https:\/\/diarioregionaldigital.com.br\/index.php?rest_route=%2Fwp%2Fv2%2Fcategories&post=145097"},{"taxonomy":"post_tag","embeddable":true,"href":"https:\/\/diarioregionaldigital.com.br\/index.php?rest_route=%2Fwp%2Fv2%2Ftags&post=145097"}],"curies":[{"name":"wp","href":"https:\/\/api.w.org\/{rel}","templated":true}]}}