{"id":145086,"date":"2019-08-04T06:00:03","date_gmt":"2019-08-04T09:00:03","guid":{"rendered":"https:\/\/diarioregionaldigital.com.br\/?p=145086"},"modified":"2019-08-01T17:27:39","modified_gmt":"2019-08-01T20:27:39","slug":"nao-se-esconda-no-tempo","status":"publish","type":"post","link":"https:\/\/diarioregionaldigital.com.br\/?p=145086","title":{"rendered":"N\u00e3o se esconda no tempo"},"content":{"rendered":"<p>H\u00e1 pessoas que se escondem no passado: passam a vida culpando os pais por tudo o que lhes acontece. E h\u00e1 pessoas que se escondem no futuro: pensam que \u201camanh\u00e3\u201d conseguir\u00e3o resolver seus problemas e que \u201cdepois\u201d far\u00e3o o que precisa ser feito. No entanto, a vida ocorre no aqui e agora.<\/p>\n<p>N\u00e3o interessa onde voc\u00ea esteja: a vida \u00e9 aqui. N\u00e3o importa quando voc\u00ea esteve ou estar\u00e1: a vida \u00e9 agora. O passado j\u00e1 passou e o futuro ainda n\u00e3o chegou. \u00c9 por isso que o presente se chama presente. Ele \u00e9, na realidade, um presente que nos \u00e9 dado.<\/p>\n<p>\u00c9 no presente que temos o poder de gerar a\u00e7\u00e3o, modificando o nosso futuro e, talvez, recriando a nossa interpreta\u00e7\u00e3o do passado. Portanto, viva o presente e planeje o futuro.<\/p>\n<p>A ampulheta representa bem o conceito da vida:<\/p>\n<ul>\n<li>A areia que est\u00e1 por cair \u00e9 o futuro; ainda n\u00e3o aconteceu.<\/li>\n<li>A areia que est\u00e1 caindo \u00e9 o presente.<\/li>\n<li>A areia que j\u00e1 caiu \u00e9 passado; nada se pode fazer a respeito.<\/li>\n<\/ul>\n<p>As pessoas n\u00e3o planejam o fracasso. Elas, simplesmente, fracassam ao planejar.<\/p>\n<h3>Relatividade do tempo<\/h3>\n<p>Einstein dizia que \u201co tempo n\u00e3o \u00e9 linear e, portanto, muito relativo e atrelado ao que est\u00e1 acontecendo\u201d. Um <em>round<\/em> de tr\u00eas minutos de boxe, para quem est\u00e1 apanhando, pode durar uma eternidade. Uma vida bem vivida, na qual somos felizes e estamos contribuindo para o bem da humanidade, pode passar num piscar de olhos.<\/p>\n<p>Para ter um bom aproveitamento do tempo, voc\u00ea precisa estar suficientemente envolvido naquilo que estiver fazendo. E isso implica outros fatores, al\u00e9m da simples disponibilidade de tempo para o que tiver de ser feito.<\/p>\n<p>O que \u00e9 aproveitar bem o tempo? \u2014 \u00c9 fazer o que precisa ser feito, bem-feito e, de prefer\u00eancia, da primeira vez. \u00c9 para isso que necessitamos estar envolvidos em nossas atividades.<\/p>\n","protected":false},"excerpt":{"rendered":"<p>H\u00e1 pessoas que se escondem no passado: passam a vida culpando os pais por tudo o que lhes acontece. E h\u00e1 pessoas que se escondem no futuro: pensam que \u201camanh\u00e3\u201d conseguir\u00e3o resolver seus problemas e que \u201cdepois\u201d far\u00e3o o que precisa ser feito. No entanto, a vida ocorre no aqui e agora. N\u00e3o interessa onde [&hellip;]<\/p>\n","protected":false},"author":96,"featured_media":96755,"comment_status":"closed","ping_status":"closed","sticky":false,"template":"","format":"standard","meta":{"footnotes":""},"categories":[434,435,274,439],"tags":[],"class_list":["post-145086","post","type-post","status-publish","format-standard","has-post-thumbnail","hentry","category-blog","category-colunas","category-dr-lair-ribeiro","category-ultima-hora"],"_links":{"self":[{"href":"https:\/\/diarioregionaldigital.com.br\/index.php?rest_route=\/wp\/v2\/posts\/145086","targetHints":{"allow":["GET"]}}],"collection":[{"href":"https:\/\/diarioregionaldigital.com.br\/index.php?rest_route=\/wp\/v2\/posts"}],"about":[{"href":"https:\/\/diarioregionaldigital.com.br\/index.php?rest_route=\/wp\/v2\/types\/post"}],"author":[{"embeddable":true,"href":"https:\/\/diarioregionaldigital.com.br\/index.php?rest_route=\/wp\/v2\/users\/96"}],"replies":[{"embeddable":true,"href":"https:\/\/diarioregionaldigital.com.br\/index.php?rest_route=%2Fwp%2Fv2%2Fcomments&post=145086"}],"version-history":[{"count":0,"href":"https:\/\/diarioregionaldigital.com.br\/index.php?rest_route=\/wp\/v2\/posts\/145086\/revisions"}],"wp:featuredmedia":[{"embeddable":true,"href":"https:\/\/diarioregionaldigital.com.br\/index.php?rest_route=\/wp\/v2\/media\/96755"}],"wp:attachment":[{"href":"https:\/\/diarioregionaldigital.com.br\/index.php?rest_route=%2Fwp%2Fv2%2Fmedia&parent=145086"}],"wp:term":[{"taxonomy":"category","embeddable":true,"href":"https:\/\/diarioregionaldigital.com.br\/index.php?rest_route=%2Fwp%2Fv2%2Fcategories&post=145086"},{"taxonomy":"post_tag","embeddable":true,"href":"https:\/\/diarioregionaldigital.com.br\/index.php?rest_route=%2Fwp%2Fv2%2Ftags&post=145086"}],"curies":[{"name":"wp","href":"https:\/\/api.w.org\/{rel}","templated":true}]}}