{"id":144875,"date":"2019-07-29T16:00:14","date_gmt":"2019-07-29T19:00:14","guid":{"rendered":"https:\/\/diarioregionaldigital.com.br\/?p=144875"},"modified":"2019-07-31T16:11:32","modified_gmt":"2019-07-31T19:11:32","slug":"policia-civil-recupera-28-pares-de-sapatos-furtados-em-residencia-no-bairro-nossa-senhora-aparecida","status":"publish","type":"post","link":"https:\/\/diarioregionaldigital.com.br\/?p=144875","title":{"rendered":"Pol\u00edcia Civil recupera 28 pares de sapatos furtados em resid\u00eancia no bairro Nossa Senhora Aparecida"},"content":{"rendered":"<p>Nesta segunda-feira, 29, a Pol\u00edcia Civil de Juiz de Fora recuperou 28 pares de cal\u00e7ados femininos que foram furtados, no \u00faltimo dia 6 de julho, de uma resid\u00eancia localizada no bairro Nossa Senhora Aparecida, zona Leste da cidade.<\/p>\n<p>Os cal\u00e7ados foram localizados no bairro Santa Rita, zona Leste, com uma mulher de 35 anos que foi presa durante as dilig\u00eancias. De acordo com o delegado respons\u00e1vel pela apura\u00e7\u00e3o na 5\u00aa Delegacia de Pol\u00edcia Civil, M\u00e1rcio Savino, a mulher foi encaminhada \u00e0 unidade policial, autuada em flagrante por recepta\u00e7\u00e3o culposa e, em seguida foi liberada ap\u00f3s assumir o compromisso de comparecer ao Juizado Especial Criminal.<\/p>\n<p>Ainda conforme a autoridade policial, o autor do crime ainda n\u00e3o foi preso. O inqu\u00e9rito policial j\u00e1 foi instaurado. O caso segue em andamento.<\/p>\n<p>&nbsp;<\/p>\n","protected":false},"excerpt":{"rendered":"<p>Nesta segunda-feira, 29, a Pol\u00edcia Civil de Juiz de Fora recuperou 28 pares de cal\u00e7ados femininos que foram furtados, no \u00faltimo dia 6 de julho, de uma resid\u00eancia localizada no bairro Nossa Senhora Aparecida, zona Leste da cidade. Os cal\u00e7ados foram localizados no bairro Santa Rita, zona Leste, com uma mulher de 35 anos que [&hellip;]<\/p>\n","protected":false},"author":96,"featured_media":144877,"comment_status":"closed","ping_status":"closed","sticky":false,"template":"","format":"standard","meta":{"footnotes":""},"categories":[253,436,439],"tags":[],"class_list":["post-144875","post","type-post","status-publish","format-standard","has-post-thumbnail","hentry","category-cidade","category-destaque-da-semana","category-ultima-hora"],"_links":{"self":[{"href":"https:\/\/diarioregionaldigital.com.br\/index.php?rest_route=\/wp\/v2\/posts\/144875","targetHints":{"allow":["GET"]}}],"collection":[{"href":"https:\/\/diarioregionaldigital.com.br\/index.php?rest_route=\/wp\/v2\/posts"}],"about":[{"href":"https:\/\/diarioregionaldigital.com.br\/index.php?rest_route=\/wp\/v2\/types\/post"}],"author":[{"embeddable":true,"href":"https:\/\/diarioregionaldigital.com.br\/index.php?rest_route=\/wp\/v2\/users\/96"}],"replies":[{"embeddable":true,"href":"https:\/\/diarioregionaldigital.com.br\/index.php?rest_route=%2Fwp%2Fv2%2Fcomments&post=144875"}],"version-history":[{"count":0,"href":"https:\/\/diarioregionaldigital.com.br\/index.php?rest_route=\/wp\/v2\/posts\/144875\/revisions"}],"wp:featuredmedia":[{"embeddable":true,"href":"https:\/\/diarioregionaldigital.com.br\/index.php?rest_route=\/wp\/v2\/media\/144877"}],"wp:attachment":[{"href":"https:\/\/diarioregionaldigital.com.br\/index.php?rest_route=%2Fwp%2Fv2%2Fmedia&parent=144875"}],"wp:term":[{"taxonomy":"category","embeddable":true,"href":"https:\/\/diarioregionaldigital.com.br\/index.php?rest_route=%2Fwp%2Fv2%2Fcategories&post=144875"},{"taxonomy":"post_tag","embeddable":true,"href":"https:\/\/diarioregionaldigital.com.br\/index.php?rest_route=%2Fwp%2Fv2%2Ftags&post=144875"}],"curies":[{"name":"wp","href":"https:\/\/api.w.org\/{rel}","templated":true}]}}