{"id":144858,"date":"2019-07-29T17:41:04","date_gmt":"2019-07-29T20:41:04","guid":{"rendered":"https:\/\/diarioregionaldigital.com.br\/?p=144858"},"modified":"2019-07-29T17:41:04","modified_gmt":"2019-07-29T20:41:04","slug":"cesama-e-cemig-firmam-parceria-para-investimentos-de-r-1-milhao-em-eficiencia-energetica","status":"publish","type":"post","link":"https:\/\/diarioregionaldigital.com.br\/?p=144858","title":{"rendered":"Cesama e Cemig firmam parceria para investimentos de R$ 1 milh\u00e3o em efici\u00eancia energ\u00e9tica"},"content":{"rendered":"<p>Por meio de parceria com a Companhia Energ\u00e9tica de Minas Gerais (Cemig), a Companhia de Saneamento Municipal (Cesama) dar\u00e1 in\u00edcio \u00e0 s\u00e9rie de a\u00e7\u00f5es na \u00e1rea de efici\u00eancia energ\u00e9tica, totalizando investimento de aproximadamente R$ 1 milh\u00e3o, como parte de programa da Ag\u00eancia Nacional de Energia El\u00e9trica (Aneel), que destina recursos espec\u00edficos atrav\u00e9s da Cemig. O objetivo \u00e9 fazer levantamento do quanto as opera\u00e7\u00f5es indiretas de controle e gest\u00e3o podem impactar na redu\u00e7\u00e3o dos custos com energia el\u00e9trica. O projeto-piloto est\u00e1 sendo desenvolvido em seis cidades mineiras: Juiz de Fora, Uberaba, Jo\u00e3o Monlevade, Sete Lagoas, Uberl\u00e2ndia e Governador Valadares.<\/p>\n<p>A Cesama j\u00e1 recebeu R$ 80 mil em programas e equipamentos, incluindo pain\u00e9is, computadores e t\u00e1bletes. \u201cNo momento, estamos instalando os programas e adaptando-os ao nosso sistema. Esperamos come\u00e7ar a fase de testes ainda este m\u00eas e, na sequ\u00eancia, iniciar a capacita\u00e7\u00e3o dos empregados do setor\u201d, afirmou o diretor t\u00e9cnico-operacional da Cesama, M\u00e1rcio Pessoa, lembrando que a Cemig acompanhar\u00e1 os trabalhos por dois anos, em conjunto com empresa contratada por procedimento licitat\u00f3rio p\u00fablico.<\/p>\n<p>De acordo com M\u00e1rcio, inicialmente, as a\u00e7\u00f5es contemplar\u00e3o a \u00e1rea operacional da companhia. Por\u00e9m, ao longo dos trabalhos, elas poder\u00e3o se estender para outros setores da empresa: \u201cAs ordens de servi\u00e7o de papel ser\u00e3o substitu\u00eddas pelos t\u00e1bletes, permitindo-nos melhor controle da log\u00edstica, dos vazamentos aparentes e do tempo gasto nos servi\u00e7os de reparo. Com isso, tornamos nossa gest\u00e3o de perdas mais eficiente, simplificamos nossos processos e, consequentemente, reduzimos gastos com impress\u00e3o e energia el\u00e9trica, agindo de forma sustent\u00e1vel\u201d.<\/p>\n<p>As a\u00e7\u00f5es beneficiar\u00e3o ainda todos os controles de gest\u00e3o da companhia, aumentando a produtividade dos seus equipamentos, reduzindo prazos e gerando relat\u00f3rios em tempo real, o que resultar\u00e1 na constru\u00e7\u00e3o de banco de dados mais completo e confi\u00e1vel. A iniciativa tamb\u00e9m \u00e9 parte integrante do projeto \u201cCesama 2020+\u201d, que tem como objetivo modernizar a gest\u00e3o da companhia, e ser\u00e1 conduzida por um dos sete grupos tem\u00e1ticos criados pela empresa, voltado para a quest\u00e3o do planejamento e controle operacional.<\/p>\n<p>Fonte: PJF<\/p>\n","protected":false},"excerpt":{"rendered":"<p>Por meio de parceria com a Companhia Energ\u00e9tica de Minas Gerais (Cemig), a Companhia de Saneamento Municipal (Cesama) dar\u00e1 in\u00edcio \u00e0 s\u00e9rie de a\u00e7\u00f5es na \u00e1rea de efici\u00eancia energ\u00e9tica, totalizando investimento de aproximadamente R$ 1 milh\u00e3o, como parte de programa da Ag\u00eancia Nacional de Energia El\u00e9trica (Aneel), que destina recursos espec\u00edficos atrav\u00e9s da Cemig. O [&hellip;]<\/p>\n","protected":false},"author":96,"featured_media":144860,"comment_status":"closed","ping_status":"closed","sticky":false,"template":"","format":"standard","meta":{"footnotes":""},"categories":[253,436,439],"tags":[],"class_list":["post-144858","post","type-post","status-publish","format-standard","has-post-thumbnail","hentry","category-cidade","category-destaque-da-semana","category-ultima-hora"],"_links":{"self":[{"href":"https:\/\/diarioregionaldigital.com.br\/index.php?rest_route=\/wp\/v2\/posts\/144858","targetHints":{"allow":["GET"]}}],"collection":[{"href":"https:\/\/diarioregionaldigital.com.br\/index.php?rest_route=\/wp\/v2\/posts"}],"about":[{"href":"https:\/\/diarioregionaldigital.com.br\/index.php?rest_route=\/wp\/v2\/types\/post"}],"author":[{"embeddable":true,"href":"https:\/\/diarioregionaldigital.com.br\/index.php?rest_route=\/wp\/v2\/users\/96"}],"replies":[{"embeddable":true,"href":"https:\/\/diarioregionaldigital.com.br\/index.php?rest_route=%2Fwp%2Fv2%2Fcomments&post=144858"}],"version-history":[{"count":0,"href":"https:\/\/diarioregionaldigital.com.br\/index.php?rest_route=\/wp\/v2\/posts\/144858\/revisions"}],"wp:featuredmedia":[{"embeddable":true,"href":"https:\/\/diarioregionaldigital.com.br\/index.php?rest_route=\/wp\/v2\/media\/144860"}],"wp:attachment":[{"href":"https:\/\/diarioregionaldigital.com.br\/index.php?rest_route=%2Fwp%2Fv2%2Fmedia&parent=144858"}],"wp:term":[{"taxonomy":"category","embeddable":true,"href":"https:\/\/diarioregionaldigital.com.br\/index.php?rest_route=%2Fwp%2Fv2%2Fcategories&post=144858"},{"taxonomy":"post_tag","embeddable":true,"href":"https:\/\/diarioregionaldigital.com.br\/index.php?rest_route=%2Fwp%2Fv2%2Ftags&post=144858"}],"curies":[{"name":"wp","href":"https:\/\/api.w.org\/{rel}","templated":true}]}}