{"id":144855,"date":"2019-07-29T17:38:15","date_gmt":"2019-07-29T20:38:15","guid":{"rendered":"https:\/\/diarioregionaldigital.com.br\/?p=144855"},"modified":"2019-07-31T16:11:07","modified_gmt":"2019-07-31T19:11:07","slug":"farmacia-central-ficara-fechada-para-manutencao-nesta-terca-feira","status":"publish","type":"post","link":"https:\/\/diarioregionaldigital.com.br\/?p=144855","title":{"rendered":"Farm\u00e1cia Central ficar\u00e1 fechada para manuten\u00e7\u00e3o nesta ter\u00e7a-feira"},"content":{"rendered":"<p>De acordo com a Secretaria de Sa\u00fade (SS) da Prefeitura de Juiz de Fora (PJF, n\u00e3o haver\u00e1 expediente externo na Farm\u00e1cia Central, na Rua Esp\u00edrito Santo, 1.064, Centro, nesta ter\u00e7a-feira, 30.<\/p>\n<p>Conforme as informa\u00e7\u00f5es, o pr\u00e9dio estar\u00e1 fechado para manuten\u00e7\u00e3o. Os usu\u00e1rios que necessitarem de medicamentos b\u00e1sicos dever\u00e3o se dirigir \u00e0 Unidade B\u00e1sica de Sa\u00fade (UBS) de refer\u00eancia do bairro.<\/p>\n<p>Aqueles que precisarem de rem\u00e9dio controlado dever\u00e1 voltar na quarta-feira, 31, quando as atividades ser\u00e3o retomadas normalmente.<\/p>\n","protected":false},"excerpt":{"rendered":"<p>De acordo com a Secretaria de Sa\u00fade (SS) da Prefeitura de Juiz de Fora (PJF, n\u00e3o haver\u00e1 expediente externo na Farm\u00e1cia Central, na Rua Esp\u00edrito Santo, 1.064, Centro, nesta ter\u00e7a-feira, 30. Conforme as informa\u00e7\u00f5es, o pr\u00e9dio estar\u00e1 fechado para manuten\u00e7\u00e3o. Os usu\u00e1rios que necessitarem de medicamentos b\u00e1sicos dever\u00e3o se dirigir \u00e0 Unidade B\u00e1sica de Sa\u00fade [&hellip;]<\/p>\n","protected":false},"author":96,"featured_media":144856,"comment_status":"closed","ping_status":"closed","sticky":false,"template":"","format":"standard","meta":{"footnotes":""},"categories":[253,436,440,439],"tags":[],"class_list":["post-144855","post","type-post","status-publish","format-standard","has-post-thumbnail","hentry","category-cidade","category-destaque-da-semana","category-destaques-do-dia","category-ultima-hora"],"_links":{"self":[{"href":"https:\/\/diarioregionaldigital.com.br\/index.php?rest_route=\/wp\/v2\/posts\/144855","targetHints":{"allow":["GET"]}}],"collection":[{"href":"https:\/\/diarioregionaldigital.com.br\/index.php?rest_route=\/wp\/v2\/posts"}],"about":[{"href":"https:\/\/diarioregionaldigital.com.br\/index.php?rest_route=\/wp\/v2\/types\/post"}],"author":[{"embeddable":true,"href":"https:\/\/diarioregionaldigital.com.br\/index.php?rest_route=\/wp\/v2\/users\/96"}],"replies":[{"embeddable":true,"href":"https:\/\/diarioregionaldigital.com.br\/index.php?rest_route=%2Fwp%2Fv2%2Fcomments&post=144855"}],"version-history":[{"count":0,"href":"https:\/\/diarioregionaldigital.com.br\/index.php?rest_route=\/wp\/v2\/posts\/144855\/revisions"}],"wp:featuredmedia":[{"embeddable":true,"href":"https:\/\/diarioregionaldigital.com.br\/index.php?rest_route=\/wp\/v2\/media\/144856"}],"wp:attachment":[{"href":"https:\/\/diarioregionaldigital.com.br\/index.php?rest_route=%2Fwp%2Fv2%2Fmedia&parent=144855"}],"wp:term":[{"taxonomy":"category","embeddable":true,"href":"https:\/\/diarioregionaldigital.com.br\/index.php?rest_route=%2Fwp%2Fv2%2Fcategories&post=144855"},{"taxonomy":"post_tag","embeddable":true,"href":"https:\/\/diarioregionaldigital.com.br\/index.php?rest_route=%2Fwp%2Fv2%2Ftags&post=144855"}],"curies":[{"name":"wp","href":"https:\/\/api.w.org\/{rel}","templated":true}]}}