{"id":144852,"date":"2019-07-29T17:18:30","date_gmt":"2019-07-29T20:18:30","guid":{"rendered":"https:\/\/diarioregionaldigital.com.br\/?p=144852"},"modified":"2019-07-29T17:18:30","modified_gmt":"2019-07-29T20:18:30","slug":"etapa-5-estrelas-de-viena-e-o-proximo-desafio-dos-brasileiros","status":"publish","type":"post","link":"https:\/\/diarioregionaldigital.com.br\/?p=144852","title":{"rendered":"Etapa 5 estrelas de Viena \u00e9 o pr\u00f3ximo desafio dos brasileiros"},"content":{"rendered":"<p>O Brasil j\u00e1 tem mais um desafio pelo Circuito Mundial de v\u00f4lei de praia 2019 nesta semana. O tour da Federa\u00e7\u00e3o Internacional de Voleibol (Fivb) conta com v\u00e1rias etapas ao longo do ano, divididas em n\u00edveis pelo n\u00famero de estrelas. E o evento desta semana, em Viena (\u00c1ustria), \u00e9 um dos mais importantes da temporada, cinco estrelas, rendendo uma das maiores premia\u00e7\u00f5es e mais pontos ao ranking da corrida ol\u00edmpica.<\/p>\n<p>As disputas come\u00e7am nesta ter\u00e7a-feira (30.07) e seguem at\u00e9 o final de semana, com a final feminina marcada para o s\u00e1bado (03.08), e a masculina para o domingo (04.08). Ser\u00e3o nove duplas brasileiras em a\u00e7\u00e3o no Major Series de Viena, seis delas j\u00e1 garantidas na fase de grupos pela posi\u00e7\u00e3o no ranking de entradas, e outras tr\u00eas que disputam o classificat\u00f3rio \u2013 esp\u00e9cie de pr\u00e9-torneio eliminat\u00f3rio para definir as \u00faltimas vagas.<\/p>\n<p>No naipe masculino, j\u00e1 est\u00e3o garantidos na fase de grupos Alison\/\u00c1lvaro Filho, Andr\u00e9 Stein\/George e Evandro\/Bruno Schmidt. Eles entram em a\u00e7\u00e3o a partir de quinta-feira (01.08). J\u00e1 Guto e Saymon buscam a vaga no classificat\u00f3rio, que acontece ao longo de dois dias, na ter\u00e7a e quarta, jogando duas rodadas eliminat\u00f3rias diretas.<\/p>\n<p>J\u00e1 entre as mulheres, \u00c1gatha\/Duda, Ana Patr\u00edcia\/Rebecca e Fernanda Berti\/B\u00e1rbara Seixas est\u00e3o garantidas na fase de grupos pela posi\u00e7\u00e3o no ranking de entradas. J\u00e1 Carol Solberg\/Maria Elisa e Talita\/Taiana entram em a\u00e7\u00e3o pelo classificat\u00f3rio nesta ter\u00e7a-feira (30.07) buscando uma das oito vagas dispon\u00edveis.<\/p>\n<p>Fonte: Olimp\u00edada Todo Dia<\/p>\n","protected":false},"excerpt":{"rendered":"<p>O Brasil j\u00e1 tem mais um desafio pelo Circuito Mundial de v\u00f4lei de praia 2019 nesta semana. O tour da Federa\u00e7\u00e3o Internacional de Voleibol (Fivb) conta com v\u00e1rias etapas ao longo do ano, divididas em n\u00edveis pelo n\u00famero de estrelas. E o evento desta semana, em Viena (\u00c1ustria), \u00e9 um dos mais importantes da temporada, [&hellip;]<\/p>\n","protected":false},"author":96,"featured_media":144853,"comment_status":"closed","ping_status":"closed","sticky":false,"template":"","format":"standard","meta":{"footnotes":""},"categories":[436,257,439],"tags":[],"class_list":["post-144852","post","type-post","status-publish","format-standard","has-post-thumbnail","hentry","category-destaque-da-semana","category-esporte","category-ultima-hora"],"_links":{"self":[{"href":"https:\/\/diarioregionaldigital.com.br\/index.php?rest_route=\/wp\/v2\/posts\/144852","targetHints":{"allow":["GET"]}}],"collection":[{"href":"https:\/\/diarioregionaldigital.com.br\/index.php?rest_route=\/wp\/v2\/posts"}],"about":[{"href":"https:\/\/diarioregionaldigital.com.br\/index.php?rest_route=\/wp\/v2\/types\/post"}],"author":[{"embeddable":true,"href":"https:\/\/diarioregionaldigital.com.br\/index.php?rest_route=\/wp\/v2\/users\/96"}],"replies":[{"embeddable":true,"href":"https:\/\/diarioregionaldigital.com.br\/index.php?rest_route=%2Fwp%2Fv2%2Fcomments&post=144852"}],"version-history":[{"count":0,"href":"https:\/\/diarioregionaldigital.com.br\/index.php?rest_route=\/wp\/v2\/posts\/144852\/revisions"}],"wp:featuredmedia":[{"embeddable":true,"href":"https:\/\/diarioregionaldigital.com.br\/index.php?rest_route=\/wp\/v2\/media\/144853"}],"wp:attachment":[{"href":"https:\/\/diarioregionaldigital.com.br\/index.php?rest_route=%2Fwp%2Fv2%2Fmedia&parent=144852"}],"wp:term":[{"taxonomy":"category","embeddable":true,"href":"https:\/\/diarioregionaldigital.com.br\/index.php?rest_route=%2Fwp%2Fv2%2Fcategories&post=144852"},{"taxonomy":"post_tag","embeddable":true,"href":"https:\/\/diarioregionaldigital.com.br\/index.php?rest_route=%2Fwp%2Fv2%2Ftags&post=144852"}],"curies":[{"name":"wp","href":"https:\/\/api.w.org\/{rel}","templated":true}]}}