{"id":144849,"date":"2019-07-29T17:08:32","date_gmt":"2019-07-29T20:08:32","guid":{"rendered":"https:\/\/diarioregionaldigital.com.br\/?p=144849"},"modified":"2019-07-29T17:08:32","modified_gmt":"2019-07-29T20:08:32","slug":"cae-analisa-tarifa-fixa-sobre-vendas-com-cartao-de-credito","status":"publish","type":"post","link":"https:\/\/diarioregionaldigital.com.br\/?p=144849","title":{"rendered":"CAE analisa tarifa fixa sobre vendas com cart\u00e3o de cr\u00e9dito"},"content":{"rendered":"<p>As empresas credenciadoras de cart\u00f5es de d\u00e9bito dever\u00e3o cobrar dos comerciantes tarifa fixa e \u00fanica, que n\u00e3o sofrer\u00e1 varia\u00e7\u00e3o conforme o valor da compra. \u00c9 o que prop\u00f5e o senador Telm\u00e1rio Mota (Pros-RR) em seu projeto que tramita na Comiss\u00e3o de Assuntos Econ\u00f4micos (CAE).<\/p>\n<p>O texto do\u00a0<a href=\"https:\/\/www25.senado.leg.br\/web\/atividade\/materias\/-\/materia\/127393\">PLS 401\/2016<\/a>\u00a0estabelece que o Conselho Monet\u00e1rio Nacional (CMN) determinar\u00e1 as tarifas a serem cobradas pelas credenciadoras, sendo proibida a cobran\u00e7a de qualquer outro encargo ao comerciante sobre a parcela da transa\u00e7\u00e3o que exceder a tarifa estabelecida.<\/p>\n<p>O senador justifica sua proposi\u00e7\u00e3o apontando para a elevada concentra\u00e7\u00e3o no mercado de credenciadoras de cart\u00f5es no Brasil, dominado por duas empresas, e lembrando que, na propor\u00e7\u00e3o de suas vendas, os pequenos comerciantes pagam taxas mais elevadas que os grandes. Empresas credenciadoras s\u00e3o aquelas que viabilizam que o estabelecimento comercial, ou profissional aut\u00f4nomo, aceite o cart\u00e3o como meio de pagamento, utilizando para isso uma m\u00e1quina pr\u00f3pria. \u00c9 diferente da institui\u00e7\u00e3o financeira que emite o cart\u00e3o.<\/p>\n<p>\u201cConsiderando o aluguel das m\u00e1quinas, a tarifa fica em torno de 5% a 6% sobre o valor da venda, chegando at\u00e9 mesmo a percentual ainda maior. Pela proposta que apresentamos a tarifa ser\u00e1 \u00fanica e n\u00e3o variar\u00e1 com o valor da venda\u201d, diz Telm\u00e1rio.<\/p>\n<p>Distribu\u00eddo \u00e0 CAE em 2016, o projeto teve como relatores os ex-senadores Ivo Cassol e Armando Monteiro e, finalmente, o senador Otto Alencar (PSD-BA), sucessivamente. Em seu relat\u00f3rio, Otto recomenda a rejei\u00e7\u00e3o da mat\u00e9ria por entender que o CMN j\u00e1 disp\u00f5e de mecanismos eficazes para coibir abusos das credenciadoras de cart\u00f5es.<\/p>\n<p>A decis\u00e3o da CAE \u00e9 terminativa: se aprovado na comiss\u00e3o e n\u00e3o houver recurso para vota\u00e7\u00e3o em Plen\u00e1rio, o projeto segue para an\u00e1lise da C\u00e2mara dos Deputados.<\/p>\n<p>Fonte: Ag\u00eancia Senado<\/p>\n","protected":false},"excerpt":{"rendered":"<p>As empresas credenciadoras de cart\u00f5es de d\u00e9bito dever\u00e3o cobrar dos comerciantes tarifa fixa e \u00fanica, que n\u00e3o sofrer\u00e1 varia\u00e7\u00e3o conforme o valor da compra. \u00c9 o que prop\u00f5e o senador Telm\u00e1rio Mota (Pros-RR) em seu projeto que tramita na Comiss\u00e3o de Assuntos Econ\u00f4micos (CAE). O texto do\u00a0PLS 401\/2016\u00a0estabelece que o Conselho Monet\u00e1rio Nacional (CMN) determinar\u00e1 [&hellip;]<\/p>\n","protected":false},"author":96,"featured_media":144850,"comment_status":"closed","ping_status":"closed","sticky":false,"template":"","format":"standard","meta":{"footnotes":""},"categories":[436,254,439],"tags":[],"class_list":["post-144849","post","type-post","status-publish","format-standard","has-post-thumbnail","hentry","category-destaque-da-semana","category-politica","category-ultima-hora"],"_links":{"self":[{"href":"https:\/\/diarioregionaldigital.com.br\/index.php?rest_route=\/wp\/v2\/posts\/144849","targetHints":{"allow":["GET"]}}],"collection":[{"href":"https:\/\/diarioregionaldigital.com.br\/index.php?rest_route=\/wp\/v2\/posts"}],"about":[{"href":"https:\/\/diarioregionaldigital.com.br\/index.php?rest_route=\/wp\/v2\/types\/post"}],"author":[{"embeddable":true,"href":"https:\/\/diarioregionaldigital.com.br\/index.php?rest_route=\/wp\/v2\/users\/96"}],"replies":[{"embeddable":true,"href":"https:\/\/diarioregionaldigital.com.br\/index.php?rest_route=%2Fwp%2Fv2%2Fcomments&post=144849"}],"version-history":[{"count":0,"href":"https:\/\/diarioregionaldigital.com.br\/index.php?rest_route=\/wp\/v2\/posts\/144849\/revisions"}],"wp:featuredmedia":[{"embeddable":true,"href":"https:\/\/diarioregionaldigital.com.br\/index.php?rest_route=\/wp\/v2\/media\/144850"}],"wp:attachment":[{"href":"https:\/\/diarioregionaldigital.com.br\/index.php?rest_route=%2Fwp%2Fv2%2Fmedia&parent=144849"}],"wp:term":[{"taxonomy":"category","embeddable":true,"href":"https:\/\/diarioregionaldigital.com.br\/index.php?rest_route=%2Fwp%2Fv2%2Fcategories&post=144849"},{"taxonomy":"post_tag","embeddable":true,"href":"https:\/\/diarioregionaldigital.com.br\/index.php?rest_route=%2Fwp%2Fv2%2Ftags&post=144849"}],"curies":[{"name":"wp","href":"https:\/\/api.w.org\/{rel}","templated":true}]}}