{"id":144841,"date":"2019-07-29T16:59:24","date_gmt":"2019-07-29T19:59:24","guid":{"rendered":"https:\/\/diarioregionaldigital.com.br\/?p=144841"},"modified":"2019-07-29T16:59:24","modified_gmt":"2019-07-29T19:59:24","slug":"namorados-netinho-e-talisca-saem-de-lima-com-ouro-e-prata","status":"publish","type":"post","link":"https:\/\/diarioregionaldigital.com.br\/?p=144841","title":{"rendered":"Namorados, Netinho e Talisca saem de Lima com ouro e prata"},"content":{"rendered":"<p>Netinho e Talisca se conheceram gra\u00e7as ao taekwondo. Ele, paraibano. Ela, rondoniense. A dist\u00e2ncia geogr\u00e1fica foi desfeita pelo esporte, que os uniu. A diferen\u00e7a de idade tamb\u00e9m n\u00e3o foi problema. Ela tem 29 anos, oito a mais do que ele. H\u00e1 tr\u00eas anos e meio, moram juntos em Rio Claro, interior de S\u00e3o Paulo, onde treinam. Vivem e respiram o esporte que amam. Est\u00e3o juntos em casa, nos treinos e na Sele\u00e7\u00e3o Brasileira. Mais do que um casal apaixonado, um torce pelo outro, um \u00e9 o f\u00e3 n\u00famero 1 do outro. Juntos, eles vieram para Lima, se prepararam na Escola Naval de Callao e viveram a gl\u00f3ria de subir no p\u00f3dio do gin\u00e1sio da Villa Deportiva da cidade. Ela foi prata no s\u00e1bado. Ele, ouro no domingo. Na volta para casa, que vai acontecer nos pr\u00f3ximos dias, a bagagem deles estar\u00e1 mais pesada por conta de um objeto dourado e outro prateado.<\/p>\n<p>\u201cAgora, vamos com essa de ouro, que \u00e9 mais bonita ainda. A bagagem vai estar um pouco mais pesada\u201d, brincou Talisca Reis, que, assim como o namorado Netinho, veio a Lima com o objetivo de subir no lugar mais alto do p\u00f3dio. Mas, n\u00e3o conseguiu. Depois de vencer duas lutas, foi derrotada na disputa pelo ouro pela mexicana, e ficou com a medalha de prata. Ap\u00f3s o p\u00f3dio, os sentimentos eram contradit\u00f3rios. Ela estava feliz pelo p\u00f3dio, mas triste porque sabia que queria (e podia) ter conseguido mais. A derrota dela, no entanto, serviu de exemplo e motiva\u00e7\u00e3o para Netinho escrever a hist\u00f3ria do jeito que ele fez no dia seguinte.<\/p>\n<p>\u201cA semifinal dela j\u00e1 foi bastante dif\u00edcil. Quando ela ganhou, eu j\u00e1 fiquei meio nervoso, e a\u00ed quando ela perdeu a final para a mexicana, eu fiquei meio triste e a Nat\u00e1lia (Falavigna, coordenadora da Sele\u00e7\u00e3o Brasileira) veio falar comigo preocupada. Mas eu disse para ela n\u00e3o esquentar e que isso (derrota da Talisca na final) ia me dar um est\u00edmulo a mais para pegar a medalha de ouro\u201d, conta o atleta.<\/p>\n<p>Dito e feito! Depois de tr\u00eas lutas, Netinho conseguiu colocar no peito a sonhada medalha de ouro. \u201cEu fico muito feliz, muito contente por ele e por mim tamb\u00e9m porque a prata tamb\u00e9m tem aquele gostinho de ouro\u201d, diz Talisca. \u201cA gente n\u00e3o teve muitos momentos na hora que ele ganhou a medalha porque ele j\u00e1 foi para o p\u00f3dio. Mas eu fiquei s\u00f3 de longe observando, com aquela gratid\u00e3o imensa, de ver a felicidade estampada no rosto dele\u201d.<\/p>\n<p>Fonte: Olimp\u00edada Todo Dia<\/p>\n","protected":false},"excerpt":{"rendered":"<p>Netinho e Talisca se conheceram gra\u00e7as ao taekwondo. Ele, paraibano. Ela, rondoniense. A dist\u00e2ncia geogr\u00e1fica foi desfeita pelo esporte, que os uniu. A diferen\u00e7a de idade tamb\u00e9m n\u00e3o foi problema. Ela tem 29 anos, oito a mais do que ele. H\u00e1 tr\u00eas anos e meio, moram juntos em Rio Claro, interior de S\u00e3o Paulo, onde [&hellip;]<\/p>\n","protected":false},"author":96,"featured_media":144847,"comment_status":"closed","ping_status":"closed","sticky":false,"template":"","format":"standard","meta":{"footnotes":""},"categories":[436,257,439],"tags":[],"class_list":["post-144841","post","type-post","status-publish","format-standard","has-post-thumbnail","hentry","category-destaque-da-semana","category-esporte","category-ultima-hora"],"_links":{"self":[{"href":"https:\/\/diarioregionaldigital.com.br\/index.php?rest_route=\/wp\/v2\/posts\/144841","targetHints":{"allow":["GET"]}}],"collection":[{"href":"https:\/\/diarioregionaldigital.com.br\/index.php?rest_route=\/wp\/v2\/posts"}],"about":[{"href":"https:\/\/diarioregionaldigital.com.br\/index.php?rest_route=\/wp\/v2\/types\/post"}],"author":[{"embeddable":true,"href":"https:\/\/diarioregionaldigital.com.br\/index.php?rest_route=\/wp\/v2\/users\/96"}],"replies":[{"embeddable":true,"href":"https:\/\/diarioregionaldigital.com.br\/index.php?rest_route=%2Fwp%2Fv2%2Fcomments&post=144841"}],"version-history":[{"count":0,"href":"https:\/\/diarioregionaldigital.com.br\/index.php?rest_route=\/wp\/v2\/posts\/144841\/revisions"}],"wp:featuredmedia":[{"embeddable":true,"href":"https:\/\/diarioregionaldigital.com.br\/index.php?rest_route=\/wp\/v2\/media\/144847"}],"wp:attachment":[{"href":"https:\/\/diarioregionaldigital.com.br\/index.php?rest_route=%2Fwp%2Fv2%2Fmedia&parent=144841"}],"wp:term":[{"taxonomy":"category","embeddable":true,"href":"https:\/\/diarioregionaldigital.com.br\/index.php?rest_route=%2Fwp%2Fv2%2Fcategories&post=144841"},{"taxonomy":"post_tag","embeddable":true,"href":"https:\/\/diarioregionaldigital.com.br\/index.php?rest_route=%2Fwp%2Fv2%2Ftags&post=144841"}],"curies":[{"name":"wp","href":"https:\/\/api.w.org\/{rel}","templated":true}]}}