{"id":144832,"date":"2019-07-29T16:30:19","date_gmt":"2019-07-29T19:30:19","guid":{"rendered":"https:\/\/diarioregionaldigital.com.br\/?p=144832"},"modified":"2019-07-31T16:11:15","modified_gmt":"2019-07-31T19:11:15","slug":"uma-pessoa-morre-em-acidente-na-br-267-em-juiz-de-fora","status":"publish","type":"post","link":"https:\/\/diarioregionaldigital.com.br\/?p=144832","title":{"rendered":"Uma pessoa morre em acidente na BR-267 em Juiz de Fora"},"content":{"rendered":"<p>Uma colis\u00e3o frontal entre uma carreta, com placa de Una\u00ed &#8211; Minas Gerais -, e um carro de passeio, com placa de Juiz de Fora, deixou uma pessoa morta na tarde desta segunda-feira, 29, na BR-267, no km 134, pr\u00f3ximo a Valadares, zona rural de Juiz de Fora.<\/p>\n<p>O motorista da carreta contou ao Corpo de Bombeiros que trafegava sentido Sul de Minas \u2013 Juiz de Fora e se deparou com o ve\u00edculo de passeio vindo no sentido contr\u00e1rio da dire\u00e7\u00e3o e que teria invadido a contram\u00e3o, batendo de frente com a carreta.<\/p>\n<p>Ainda conforme as informa\u00e7\u00f5es dos bombeiros, os dois ve\u00edculos sa\u00edram da pista ap\u00f3s a colis\u00e3o. Chegando ao local, os militares constataram que o motorista do carro de passeio, um homem de 38 anos, j\u00e1 estava sem vida. Foi realizado o isolamento do local e, ap\u00f3s o encerramento dos trabalhos da per\u00edcia, os bombeiros retiraram a v\u00edtima que estava presa \u00e0s ferragens.<\/p>\n<p>O motorista da carreta n\u00e3o sofreu ferimento. O Samu e a Pol\u00edcia Rodovi\u00e1ria Federal (PRF) participaram da ocorr\u00eancia.<\/p>\n<div id=\"attachment_144838\" style=\"width: 489px\" class=\"wp-caption aligncenter\"><img loading=\"lazy\" decoding=\"async\" aria-describedby=\"caption-attachment-144838\" class=\" wp-image-144838\" src=\"https:\/\/diarioregionaldigital.com.br\/wp-content\/uploads\/2019\/07\/67942268_861635567547786_3151186675799949312_n-300x225.jpg\" alt=\"\" width=\"479\" height=\"359\" srcset=\"https:\/\/diarioregionaldigital.com.br\/wp-content\/uploads\/2019\/07\/67942268_861635567547786_3151186675799949312_n-300x225.jpg 300w, https:\/\/diarioregionaldigital.com.br\/wp-content\/uploads\/2019\/07\/67942268_861635567547786_3151186675799949312_n-768x576.jpg 768w, https:\/\/diarioregionaldigital.com.br\/wp-content\/uploads\/2019\/07\/67942268_861635567547786_3151186675799949312_n-360x270.jpg 360w, https:\/\/diarioregionaldigital.com.br\/wp-content\/uploads\/2019\/07\/67942268_861635567547786_3151186675799949312_n.jpg 960w\" sizes=\"auto, (max-width: 479px) 100vw, 479px\" \/><p id=\"caption-attachment-144838\" class=\"wp-caption-text\">Foto: Divulga\u00e7\u00e3o Corpo de Bombeiros<\/p><\/div>\n","protected":false},"excerpt":{"rendered":"<p>Uma colis\u00e3o frontal entre uma carreta, com placa de Una\u00ed &#8211; Minas Gerais -, e um carro de passeio, com placa de Juiz de Fora, deixou uma pessoa morta na tarde desta segunda-feira, 29, na BR-267, no km 134, pr\u00f3ximo a Valadares, zona rural de Juiz de Fora. O motorista da carreta contou ao Corpo [&hellip;]<\/p>\n","protected":false},"author":96,"featured_media":144836,"comment_status":"closed","ping_status":"closed","sticky":false,"template":"","format":"standard","meta":{"footnotes":""},"categories":[253,436,440,439],"tags":[],"class_list":["post-144832","post","type-post","status-publish","format-standard","has-post-thumbnail","hentry","category-cidade","category-destaque-da-semana","category-destaques-do-dia","category-ultima-hora"],"_links":{"self":[{"href":"https:\/\/diarioregionaldigital.com.br\/index.php?rest_route=\/wp\/v2\/posts\/144832","targetHints":{"allow":["GET"]}}],"collection":[{"href":"https:\/\/diarioregionaldigital.com.br\/index.php?rest_route=\/wp\/v2\/posts"}],"about":[{"href":"https:\/\/diarioregionaldigital.com.br\/index.php?rest_route=\/wp\/v2\/types\/post"}],"author":[{"embeddable":true,"href":"https:\/\/diarioregionaldigital.com.br\/index.php?rest_route=\/wp\/v2\/users\/96"}],"replies":[{"embeddable":true,"href":"https:\/\/diarioregionaldigital.com.br\/index.php?rest_route=%2Fwp%2Fv2%2Fcomments&post=144832"}],"version-history":[{"count":0,"href":"https:\/\/diarioregionaldigital.com.br\/index.php?rest_route=\/wp\/v2\/posts\/144832\/revisions"}],"wp:featuredmedia":[{"embeddable":true,"href":"https:\/\/diarioregionaldigital.com.br\/index.php?rest_route=\/wp\/v2\/media\/144836"}],"wp:attachment":[{"href":"https:\/\/diarioregionaldigital.com.br\/index.php?rest_route=%2Fwp%2Fv2%2Fmedia&parent=144832"}],"wp:term":[{"taxonomy":"category","embeddable":true,"href":"https:\/\/diarioregionaldigital.com.br\/index.php?rest_route=%2Fwp%2Fv2%2Fcategories&post=144832"},{"taxonomy":"post_tag","embeddable":true,"href":"https:\/\/diarioregionaldigital.com.br\/index.php?rest_route=%2Fwp%2Fv2%2Ftags&post=144832"}],"curies":[{"name":"wp","href":"https:\/\/api.w.org\/{rel}","templated":true}]}}