{"id":144805,"date":"2019-07-28T06:00:03","date_gmt":"2019-07-28T09:00:03","guid":{"rendered":"https:\/\/diarioregionaldigital.com.br\/?p=144805"},"modified":"2019-07-26T23:17:15","modified_gmt":"2019-07-27T02:17:15","slug":"eles-merecem","status":"publish","type":"post","link":"https:\/\/diarioregionaldigital.com.br\/?p=144805","title":{"rendered":"Eles Merecem"},"content":{"rendered":"<p style=\"text-align: center;\"><strong>Cantoria<\/strong><\/p>\n<p style=\"text-align: center;\">Considerada uma das melhores cantoras da nova gera\u00e7\u00e3o, Fernanda C\u00e1 vai aterrissar em Juiz de Fora no dia 10\u00a0de agosto, \u00e0s 20h (abertura da casa), para o lan\u00e7amento genuinamente MPB do Single Cais. O bat-local \u00e9 a Maquinaria, na rua S\u00e3o Mateus, n\u00ba 552. Eu recomendo.<\/p>\n<p style=\"text-align: center;\"><strong>Palestra<\/strong><\/p>\n<p style=\"text-align: center;\">Agendado para o dia 30 de julho, \u00e0s 19h, no audit\u00f3rio do Espa\u00e7o Interativo Coworking, na rua Oscar Vidal, n\u00ba 416, a palestra de Cristiano Moreira com o tema \u201cComunica\u00e7\u00e3o de\u00a0alto impacto &#8211; sua autoridade nas redes sociais\u201d. A entrada gera uma Feira de Livros, trocando seu livro usado por um mundo novo. A organiza\u00e7\u00e3o \u00e9 da Coaches Club. Inscri\u00e7\u00f5es no site: coaches.club.com.br\/cristianomoreira<\/p>\n<p style=\"text-align: center;\"><strong>De volta<\/strong><\/p>\n<p style=\"text-align: center;\">O m\u00e9dico psiquiatra M\u00e1rcio Brand\u00e3o evidencia sensibilidade como artista pl\u00e1stico. Ele est\u00e1 revestindo as paredes do Espa\u00e7o Excalibur com belos quadros com o tema \u201cArte contempor\u00e2nea\u201d.<\/p>\n<p style=\"text-align: center;\"><strong>Eles Merecem<\/strong><\/p>\n<p style=\"text-align: center;\">Elza Soares, Caetano Veloso, Zeca Pagodinho, Candeia e Jovelina P\u00e9rola Negra estar\u00e3o estampados em grafites\u00a0por grafiteiros diferentes para\u00a0 o projeto \u201cRio Galeria\u201d, com os pain\u00e9is distribu\u00eddos na Av. Brasil, entre Iraj\u00e1 e Deodoro, no Rio de Janeiro. A iniciativa merece aplausos atrav\u00e9s da Satr\u00e1pia com o secretaria de Cultura.<\/p>\n<p style=\"text-align: center;\"><strong>Olha S\u00f3<\/strong><\/p>\n<p style=\"text-align: center;\">A inten\u00e7\u00e3o do governo de liberar saques de contas do FGTS j\u00e1 leva o com\u00e9rcio e ind\u00fastrias rever planos e pode funcionar como uma inje\u00e7\u00e3o<br \/>\nde \u00e2nimo. Com al\u00edvio no bolso e mudan\u00e7a de expectativa, o plano de libera\u00e7\u00e3o do Fundo de Garantia pode ativar consumo e d\u00e1 alento ao varejo e fabricantes.<\/p>\n<p style=\"text-align: center;\"><strong>Samba de Primeira<\/strong><\/p>\n<p style=\"text-align: center;\">Considerados os reis do bom samba de Juiz de Fora os m\u00fasicas Gabriel Elias e J\u00fanior 7 Cordas estar\u00e3o se apresentando no\u00a0domingo, 28, \u00e0s 15h, no Bar do Chinelato, em S\u00e3o Pedro. M\u00fasica de qualidade e presen\u00e7as bonitas ir\u00e3o agitar a cidade alta.<\/p>\n<div id=\"attachment_144794\" style=\"width: 690px\" class=\"wp-caption aligncenter\"><img loading=\"lazy\" decoding=\"async\" aria-describedby=\"caption-attachment-144794\" class=\"wp-image-144794\" src=\"https:\/\/diarioregionaldigital.com.br\/wp-content\/uploads\/2019\/07\/fotoa-19-e1564193109654.jpg\" alt=\"\" width=\"680\" height=\"536\" srcset=\"https:\/\/diarioregionaldigital.com.br\/wp-content\/uploads\/2019\/07\/fotoa-19-e1564193109654.jpg 1169w, https:\/\/diarioregionaldigital.com.br\/wp-content\/uploads\/2019\/07\/fotoa-19-e1564193109654-300x236.jpg 300w, https:\/\/diarioregionaldigital.com.br\/wp-content\/uploads\/2019\/07\/fotoa-19-e1564193109654-768x605.jpg 768w, https:\/\/diarioregionaldigital.com.br\/wp-content\/uploads\/2019\/07\/fotoa-19-e1564193109654-1024x807.jpg 1024w, https:\/\/diarioregionaldigital.com.br\/wp-content\/uploads\/2019\/07\/fotoa-19-e1564193109654-360x284.jpg 360w\" sizes=\"auto, (max-width: 680px) 100vw, 680px\" \/><p id=\"caption-attachment-144794\" class=\"wp-caption-text\">Em tempo de \u201cDia D\u201d na Igreja do Ros\u00e1rio o bonito casal Talita Magnolo e Maxwell Costa<\/p><\/div>\n<div id=\"attachment_144795\" style=\"width: 690px\" class=\"wp-caption aligncenter\"><img loading=\"lazy\" decoding=\"async\" aria-describedby=\"caption-attachment-144795\" class=\"wp-image-144795\" src=\"https:\/\/diarioregionaldigital.com.br\/wp-content\/uploads\/2019\/07\/fotob-17-e1564193152684.jpg\" alt=\"\" width=\"680\" height=\"550\" srcset=\"https:\/\/diarioregionaldigital.com.br\/wp-content\/uploads\/2019\/07\/fotob-17-e1564193152684.jpg 1173w, https:\/\/diarioregionaldigital.com.br\/wp-content\/uploads\/2019\/07\/fotob-17-e1564193152684-300x242.jpg 300w, https:\/\/diarioregionaldigital.com.br\/wp-content\/uploads\/2019\/07\/fotob-17-e1564193152684-768x621.jpg 768w, https:\/\/diarioregionaldigital.com.br\/wp-content\/uploads\/2019\/07\/fotob-17-e1564193152684-1024x828.jpg 1024w, https:\/\/diarioregionaldigital.com.br\/wp-content\/uploads\/2019\/07\/fotob-17-e1564193152684-360x291.jpg 360w\" sizes=\"auto, (max-width: 680px) 100vw, 680px\" \/><p id=\"caption-attachment-144795\" class=\"wp-caption-text\">Curtindo a natureza do Rio de Janeiro, o bonit\u00e3o Henrique Cruz<\/p><\/div>\n<div id=\"attachment_144796\" style=\"width: 690px\" class=\"wp-caption aligncenter\"><img loading=\"lazy\" decoding=\"async\" aria-describedby=\"caption-attachment-144796\" class=\"wp-image-144796\" src=\"https:\/\/diarioregionaldigital.com.br\/wp-content\/uploads\/2019\/07\/fotoc-17-e1564193187772.jpg\" alt=\"\" width=\"680\" height=\"513\" srcset=\"https:\/\/diarioregionaldigital.com.br\/wp-content\/uploads\/2019\/07\/fotoc-17-e1564193187772.jpg 1164w, https:\/\/diarioregionaldigital.com.br\/wp-content\/uploads\/2019\/07\/fotoc-17-e1564193187772-300x226.jpg 300w, https:\/\/diarioregionaldigital.com.br\/wp-content\/uploads\/2019\/07\/fotoc-17-e1564193187772-768x579.jpg 768w, https:\/\/diarioregionaldigital.com.br\/wp-content\/uploads\/2019\/07\/fotoc-17-e1564193187772-1024x772.jpg 1024w, https:\/\/diarioregionaldigital.com.br\/wp-content\/uploads\/2019\/07\/fotoc-17-e1564193187772-360x272.jpg 360w\" sizes=\"auto, (max-width: 680px) 100vw, 680px\" \/><p id=\"caption-attachment-144796\" class=\"wp-caption-text\">A bela deste domingo focaliza a delegada \u00c2ngela Fellet<\/p><\/div>\n<div id=\"attachment_144797\" style=\"width: 690px\" class=\"wp-caption aligncenter\"><img loading=\"lazy\" decoding=\"async\" aria-describedby=\"caption-attachment-144797\" class=\"wp-image-144797\" src=\"https:\/\/diarioregionaldigital.com.br\/wp-content\/uploads\/2019\/07\/fotod-17-e1564193215292.jpg\" alt=\"\" width=\"680\" height=\"504\" srcset=\"https:\/\/diarioregionaldigital.com.br\/wp-content\/uploads\/2019\/07\/fotod-17-e1564193215292.jpg 1146w, https:\/\/diarioregionaldigital.com.br\/wp-content\/uploads\/2019\/07\/fotod-17-e1564193215292-300x222.jpg 300w, https:\/\/diarioregionaldigital.com.br\/wp-content\/uploads\/2019\/07\/fotod-17-e1564193215292-768x569.jpg 768w, https:\/\/diarioregionaldigital.com.br\/wp-content\/uploads\/2019\/07\/fotod-17-e1564193215292-1024x759.jpg 1024w, https:\/\/diarioregionaldigital.com.br\/wp-content\/uploads\/2019\/07\/fotod-17-e1564193215292-360x267.jpg 360w\" sizes=\"auto, (max-width: 680px) 100vw, 680px\" \/><p id=\"caption-attachment-144797\" class=\"wp-caption-text\">Curtindo inverno julino, os lindos: Hernando C\u00e2ndido Benjamin, Emiliana Candido e Heraldo C\u00e2ndido<\/p><\/div>\n<div id=\"attachment_144798\" style=\"width: 690px\" class=\"wp-caption aligncenter\"><img loading=\"lazy\" decoding=\"async\" aria-describedby=\"caption-attachment-144798\" class=\"wp-image-144798\" src=\"https:\/\/diarioregionaldigital.com.br\/wp-content\/uploads\/2019\/07\/fotoe-16-e1564193307670.jpg\" alt=\"\" width=\"680\" height=\"481\" srcset=\"https:\/\/diarioregionaldigital.com.br\/wp-content\/uploads\/2019\/07\/fotoe-16-e1564193307670.jpg 1638w, https:\/\/diarioregionaldigital.com.br\/wp-content\/uploads\/2019\/07\/fotoe-16-e1564193307670-300x212.jpg 300w, https:\/\/diarioregionaldigital.com.br\/wp-content\/uploads\/2019\/07\/fotoe-16-e1564193307670-768x543.jpg 768w, https:\/\/diarioregionaldigital.com.br\/wp-content\/uploads\/2019\/07\/fotoe-16-e1564193307670-1024x724.jpg 1024w, https:\/\/diarioregionaldigital.com.br\/wp-content\/uploads\/2019\/07\/fotoe-16-e1564193307670-750x530.jpg 750w, https:\/\/diarioregionaldigital.com.br\/wp-content\/uploads\/2019\/07\/fotoe-16-e1564193307670-360x255.jpg 360w, https:\/\/diarioregionaldigital.com.br\/wp-content\/uploads\/2019\/07\/fotoe-16-e1564193307670-100x70.jpg 100w\" sizes=\"auto, (max-width: 680px) 100vw, 680px\" \/><p id=\"caption-attachment-144798\" class=\"wp-caption-text\">Nos Jardins (SP) na Galeria V.S, os elegantes Val Santinho Vagner Aniceto e F\u00e1tima de Chiaro<\/p><\/div>\n<div id=\"attachment_144799\" style=\"width: 690px\" class=\"wp-caption aligncenter\"><img loading=\"lazy\" decoding=\"async\" aria-describedby=\"caption-attachment-144799\" class=\"wp-image-144799\" src=\"https:\/\/diarioregionaldigital.com.br\/wp-content\/uploads\/2019\/07\/fotof-16-e1564193341471.jpg\" alt=\"\" width=\"680\" height=\"570\" srcset=\"https:\/\/diarioregionaldigital.com.br\/wp-content\/uploads\/2019\/07\/fotof-16-e1564193341471.jpg 1164w, https:\/\/diarioregionaldigital.com.br\/wp-content\/uploads\/2019\/07\/fotof-16-e1564193341471-300x252.jpg 300w, https:\/\/diarioregionaldigital.com.br\/wp-content\/uploads\/2019\/07\/fotof-16-e1564193341471-768x644.jpg 768w, https:\/\/diarioregionaldigital.com.br\/wp-content\/uploads\/2019\/07\/fotof-16-e1564193341471-1024x859.jpg 1024w, https:\/\/diarioregionaldigital.com.br\/wp-content\/uploads\/2019\/07\/fotof-16-e1564193341471-360x302.jpg 360w\" sizes=\"auto, (max-width: 680px) 100vw, 680px\" \/><p id=\"caption-attachment-144799\" class=\"wp-caption-text\">Designs de interior talentosos no evento Elemento Casa\/JF, Gustavo Caldas e Vin\u00edcius Steinback<\/p><\/div>\n<div id=\"attachment_144800\" style=\"width: 690px\" class=\"wp-caption aligncenter\"><img loading=\"lazy\" decoding=\"async\" aria-describedby=\"caption-attachment-144800\" class=\"wp-image-144800\" src=\"https:\/\/diarioregionaldigital.com.br\/wp-content\/uploads\/2019\/07\/fotog-16-e1564193380284.jpg\" alt=\"\" width=\"680\" height=\"552\" srcset=\"https:\/\/diarioregionaldigital.com.br\/wp-content\/uploads\/2019\/07\/fotog-16-e1564193380284.jpg 1170w, https:\/\/diarioregionaldigital.com.br\/wp-content\/uploads\/2019\/07\/fotog-16-e1564193380284-300x244.jpg 300w, https:\/\/diarioregionaldigital.com.br\/wp-content\/uploads\/2019\/07\/fotog-16-e1564193380284-768x624.jpg 768w, https:\/\/diarioregionaldigital.com.br\/wp-content\/uploads\/2019\/07\/fotog-16-e1564193380284-1024x831.jpg 1024w, https:\/\/diarioregionaldigital.com.br\/wp-content\/uploads\/2019\/07\/fotog-16-e1564193380284-220x180.jpg 220w, https:\/\/diarioregionaldigital.com.br\/wp-content\/uploads\/2019\/07\/fotog-16-e1564193380284-360x292.jpg 360w\" sizes=\"auto, (max-width: 680px) 100vw, 680px\" \/><p id=\"caption-attachment-144800\" class=\"wp-caption-text\">No Trade Hotel em recente palestra, Cynthia Horta (Sal\u00e3o MS) e o coach Thiago Nigro<\/p><\/div>\n<div id=\"attachment_144802\" style=\"width: 690px\" class=\"wp-caption aligncenter\"><img loading=\"lazy\" decoding=\"async\" aria-describedby=\"caption-attachment-144802\" class=\"wp-image-144802\" src=\"https:\/\/diarioregionaldigital.com.br\/wp-content\/uploads\/2019\/07\/fotoi-17.jpg\" alt=\"\" width=\"680\" height=\"454\" srcset=\"https:\/\/diarioregionaldigital.com.br\/wp-content\/uploads\/2019\/07\/fotoi-17.jpg 1758w, https:\/\/diarioregionaldigital.com.br\/wp-content\/uploads\/2019\/07\/fotoi-17-300x201.jpg 300w, https:\/\/diarioregionaldigital.com.br\/wp-content\/uploads\/2019\/07\/fotoi-17-768x513.jpg 768w, https:\/\/diarioregionaldigital.com.br\/wp-content\/uploads\/2019\/07\/fotoi-17-1024x684.jpg 1024w, https:\/\/diarioregionaldigital.com.br\/wp-content\/uploads\/2019\/07\/fotoi-17-360x241.jpg 360w\" sizes=\"auto, (max-width: 680px) 100vw, 680px\" \/><p id=\"caption-attachment-144802\" class=\"wp-caption-text\">Luis Gamonal e Cassia Miranda, recebendo para noite de drinks, Fabiano Garcia, Carlos Barbosa e Regina Ferreira (aniversariando)<\/p><\/div>\n<div id=\"attachment_144803\" style=\"width: 690px\" class=\"wp-caption aligncenter\"><img loading=\"lazy\" decoding=\"async\" aria-describedby=\"caption-attachment-144803\" class=\"wp-image-144803\" src=\"https:\/\/diarioregionaldigital.com.br\/wp-content\/uploads\/2019\/07\/fotoj-16-e1564193452466.jpg\" alt=\"\" width=\"680\" height=\"513\" srcset=\"https:\/\/diarioregionaldigital.com.br\/wp-content\/uploads\/2019\/07\/fotoj-16-e1564193452466.jpg 1182w, https:\/\/diarioregionaldigital.com.br\/wp-content\/uploads\/2019\/07\/fotoj-16-e1564193452466-300x226.jpg 300w, https:\/\/diarioregionaldigital.com.br\/wp-content\/uploads\/2019\/07\/fotoj-16-e1564193452466-768x580.jpg 768w, https:\/\/diarioregionaldigital.com.br\/wp-content\/uploads\/2019\/07\/fotoj-16-e1564193452466-1024x773.jpg 1024w, https:\/\/diarioregionaldigital.com.br\/wp-content\/uploads\/2019\/07\/fotoj-16-e1564193452466-360x272.jpg 360w\" sizes=\"auto, (max-width: 680px) 100vw, 680px\" \/><p id=\"caption-attachment-144803\" class=\"wp-caption-text\">Na fervilhante noite do Privil\u00e9ge, Marcio Marques, Gleidson Minarini, Bruno Mello e Ricardo Alex<\/p><\/div>\n<div id=\"attachment_144804\" style=\"width: 690px\" class=\"wp-caption aligncenter\"><img loading=\"lazy\" decoding=\"async\" aria-describedby=\"caption-attachment-144804\" class=\"wp-image-144804\" src=\"https:\/\/diarioregionaldigital.com.br\/wp-content\/uploads\/2019\/07\/fotol-11-e1564193481976.jpg\" alt=\"\" width=\"680\" height=\"482\" srcset=\"https:\/\/diarioregionaldigital.com.br\/wp-content\/uploads\/2019\/07\/fotol-11-e1564193481976.jpg 1653w, https:\/\/diarioregionaldigital.com.br\/wp-content\/uploads\/2019\/07\/fotol-11-e1564193481976-300x213.jpg 300w, https:\/\/diarioregionaldigital.com.br\/wp-content\/uploads\/2019\/07\/fotol-11-e1564193481976-768x544.jpg 768w, https:\/\/diarioregionaldigital.com.br\/wp-content\/uploads\/2019\/07\/fotol-11-e1564193481976-1024x725.jpg 1024w, https:\/\/diarioregionaldigital.com.br\/wp-content\/uploads\/2019\/07\/fotol-11-e1564193481976-750x530.jpg 750w, https:\/\/diarioregionaldigital.com.br\/wp-content\/uploads\/2019\/07\/fotol-11-e1564193481976-360x255.jpg 360w, https:\/\/diarioregionaldigital.com.br\/wp-content\/uploads\/2019\/07\/fotol-11-e1564193481976-100x70.jpg 100w\" sizes=\"auto, (max-width: 680px) 100vw, 680px\" \/><p id=\"caption-attachment-144804\" class=\"wp-caption-text\">Gustavo Henrique mago das maquiagens e as lindas Leide Nascimento, Ana Carolina e J\u00e9ssica Theodoro em close especial neste domingo maior<\/p><\/div>\n<div id=\"attachment_144801\" style=\"width: 690px\" class=\"wp-caption aligncenter\"><img loading=\"lazy\" decoding=\"async\" aria-describedby=\"caption-attachment-144801\" class=\"wp-image-144801\" src=\"https:\/\/diarioregionaldigital.com.br\/wp-content\/uploads\/2019\/07\/fotoh-14-e1564193403276.jpg\" alt=\"\" width=\"680\" height=\"424\" srcset=\"https:\/\/diarioregionaldigital.com.br\/wp-content\/uploads\/2019\/07\/fotoh-14-e1564193403276.jpg 1454w, https:\/\/diarioregionaldigital.com.br\/wp-content\/uploads\/2019\/07\/fotoh-14-e1564193403276-300x187.jpg 300w, https:\/\/diarioregionaldigital.com.br\/wp-content\/uploads\/2019\/07\/fotoh-14-e1564193403276-768x479.jpg 768w, https:\/\/diarioregionaldigital.com.br\/wp-content\/uploads\/2019\/07\/fotoh-14-e1564193403276-1024x638.jpg 1024w, https:\/\/diarioregionaldigital.com.br\/wp-content\/uploads\/2019\/07\/fotoh-14-e1564193403276-360x224.jpg 360w\" sizes=\"auto, (max-width: 680px) 100vw, 680px\" \/><p id=\"caption-attachment-144801\" class=\"wp-caption-text\">No Circulo Militar durante Ciclo de Palestra da Adesg: Ricardo Spinel\u00e7li, Neuza Marsicano, Roberval torres, Jos\u00e9 Geraldo Leal de Castro e Maicon Soares<\/p><\/div>\n<p style=\"text-align: center;\"><strong>FOTOSS\u00cdNTESE<\/strong><\/p>\n<p style=\"text-align: left;\">Em encontro empreendedor, ser\u00e1 dia 6 de agosto, o Circuito de Palestra \u00e0s 19h30, no Anfiteatro Jo\u00e3o Carri\u00e7o. O tema em destaque ser\u00e1 \u201cSolte as amarras, deixe que a vida te surpreenda. A palestra \u00e9 gratuita e as vagas limitadas. Inscri\u00e7\u00f5es: Whatsapp (32) 99977- 6116. Convidando o palestrante J\u00falio Magalh\u00e3es.<\/p>\n<p style=\"text-align: left;\">Agendando para 6 de agosto, no Audit\u00f3rio do Hospital Monte Sinai, o 3\u00ba Congresso da Zona da Mata de Seguran\u00e7a do Paciente. Em destaque, \u00e0s 9h, o tema Minas Pela Seguran\u00e7a do Paciente, com o palestrante Dr. Carlos Eduardo Amaral Pereira da Silva \u2013 Secret\u00e1rio de Estado de Sa\u00fade de Minas Gerais (BH-MG).<\/p>\n<p style=\"text-align: left;\">A pista do Hotel Fazenda Santa Helena estar\u00e1 movimentada entre os dias 3 e 4 de agosto, para o 1\u00ba All Mountain Santa Helena. Recebendo<br \/>\nos propriet\u00e1rios Gracinha e Luiz Homem de Faria Neto.<\/p>\n<p style=\"text-align: left;\">O projeto Classificados do Bem est\u00e1 com vagas para trabalho volunt\u00e1rio em seis institui\u00e7\u00f5es. A coordena\u00e7\u00e3o do projeto \u00e9 da Secretaria de Comunica\u00e7\u00e3o da PJF, Sabrina Santos.<\/p>\n<p style=\"text-align: left;\">Para a volta \u00e0s aulas, o Demlurb vai promover o 2\u00ba Concurso Cultural de Desenho e Reda\u00e7\u00e3o. A iniciativa reflete bem sobre a import\u00e2ncia da reciclagem, tanto para alunos quanto para professores.<\/p>\n<p style=\"text-align: left;\">No domingo, 28, acontece em grande estilo, \u00e0s 20h, no Cine-Theatro Central, o concerto de encerramento do Festival Internacional de M\u00fasica Colonial Brasileira e M\u00fasica Antiga. A atra\u00e7\u00e3o \u00e9 o conjunto de m\u00fasica antiga da USP.<\/p>\n<p style=\"text-align: left;\">Kosme Fernandes anuncia para o dia 7 de setembro, \u00e0s 22h, o Concurso de Miss Zona da Mata Gay 2019. Ser\u00e1 no Esporte Clube Biquense, com show\u2019s e o top DJ Coldhans.<\/p>\n<p style=\"text-align: left;\">Ter\u00e1 encerramento no domingo, 28, o Festival de Forr\u00f3 de Ibitipoca 2019 com shows, concertos, oficinas e encontros de sanfoneiros.<\/p>\n<p style=\"text-align: left;\">Para alegrar o domingo: \u201cPreferi sempre a brevidadedas lagartas e a incerteza do canto das cigarras\u201d. (Knorr). Bom dia.<\/p>\n<p><img loading=\"lazy\" decoding=\"async\" class=\"aligncenter size-full wp-image-144662\" src=\"https:\/\/diarioregionaldigital.com.br\/wp-content\/uploads\/2019\/07\/anuncio22.jpg\" alt=\"\" width=\"1738\" height=\"646\" srcset=\"https:\/\/diarioregionaldigital.com.br\/wp-content\/uploads\/2019\/07\/anuncio22.jpg 1738w, https:\/\/diarioregionaldigital.com.br\/wp-content\/uploads\/2019\/07\/anuncio22-300x112.jpg 300w, https:\/\/diarioregionaldigital.com.br\/wp-content\/uploads\/2019\/07\/anuncio22-768x285.jpg 768w, https:\/\/diarioregionaldigital.com.br\/wp-content\/uploads\/2019\/07\/anuncio22-1024x381.jpg 1024w, https:\/\/diarioregionaldigital.com.br\/wp-content\/uploads\/2019\/07\/anuncio22-360x134.jpg 360w\" sizes=\"auto, (max-width: 1738px) 100vw, 1738px\" \/><\/p>\n","protected":false},"excerpt":{"rendered":"<p>Cantoria Considerada uma das melhores cantoras da nova gera\u00e7\u00e3o, Fernanda C\u00e1 vai aterrissar em Juiz de Fora no dia 10\u00a0de agosto, \u00e0s 20h (abertura da casa), para o lan\u00e7amento genuinamente MPB do Single Cais. O bat-local \u00e9 a Maquinaria, na rua S\u00e3o Mateus, n\u00ba 552. Eu recomendo. Palestra Agendado para o dia 30 de julho, [&hellip;]<\/p>\n","protected":false},"author":96,"featured_media":144794,"comment_status":"closed","ping_status":"closed","sticky":false,"template":"","format":"standard","meta":{"footnotes":""},"categories":[264],"tags":[],"class_list":["post-144805","post","type-post","status-publish","format-standard","has-post-thumbnail","hentry","category-eduardo-gomes"],"_links":{"self":[{"href":"https:\/\/diarioregionaldigital.com.br\/index.php?rest_route=\/wp\/v2\/posts\/144805","targetHints":{"allow":["GET"]}}],"collection":[{"href":"https:\/\/diarioregionaldigital.com.br\/index.php?rest_route=\/wp\/v2\/posts"}],"about":[{"href":"https:\/\/diarioregionaldigital.com.br\/index.php?rest_route=\/wp\/v2\/types\/post"}],"author":[{"embeddable":true,"href":"https:\/\/diarioregionaldigital.com.br\/index.php?rest_route=\/wp\/v2\/users\/96"}],"replies":[{"embeddable":true,"href":"https:\/\/diarioregionaldigital.com.br\/index.php?rest_route=%2Fwp%2Fv2%2Fcomments&post=144805"}],"version-history":[{"count":0,"href":"https:\/\/diarioregionaldigital.com.br\/index.php?rest_route=\/wp\/v2\/posts\/144805\/revisions"}],"wp:featuredmedia":[{"embeddable":true,"href":"https:\/\/diarioregionaldigital.com.br\/index.php?rest_route=\/wp\/v2\/media\/144794"}],"wp:attachment":[{"href":"https:\/\/diarioregionaldigital.com.br\/index.php?rest_route=%2Fwp%2Fv2%2Fmedia&parent=144805"}],"wp:term":[{"taxonomy":"category","embeddable":true,"href":"https:\/\/diarioregionaldigital.com.br\/index.php?rest_route=%2Fwp%2Fv2%2Fcategories&post=144805"},{"taxonomy":"post_tag","embeddable":true,"href":"https:\/\/diarioregionaldigital.com.br\/index.php?rest_route=%2Fwp%2Fv2%2Ftags&post=144805"}],"curies":[{"name":"wp","href":"https:\/\/api.w.org\/{rel}","templated":true}]}}