{"id":144790,"date":"2019-07-27T07:41:37","date_gmt":"2019-07-27T10:41:37","guid":{"rendered":"https:\/\/diarioregionaldigital.com.br\/?p=144790"},"modified":"2019-07-27T13:41:32","modified_gmt":"2019-07-27T16:41:32","slug":"juiz-prorroga-prisao-de-acusados-de-hackear-celulares-de-autoridades","status":"publish","type":"post","link":"https:\/\/diarioregionaldigital.com.br\/?p=144790","title":{"rendered":"Juiz prorroga pris\u00e3o de acusados de hackear celulares de autoridades"},"content":{"rendered":"<p>O juiz Vallisney de Souza Oliveira, titular da 10\u00aa Vara Federal de Bras\u00edlia, decidiu h\u00e1 pouco prorrogar a pris\u00e3o tempor\u00e1ria dos quatro presos pela Pol\u00edcia Federal (PF) sob suspeita de invadir o telefone celular do ministro da Justi\u00e7a e Seguran\u00e7a P\u00fablica, Sergio Moro, e de outras autoridades.<\/p>\n<p>Com a decis\u00e3o, os suspeitos Danilo Cristiano Marques, Gustavo Henrique Elias Santos, Suelen Priscila de Oliveira e Walter Delgatti Neto dever\u00e3o continuar presos por mais cinco dias.<\/p>\n<p>Os\u00a0acusados foram presos\u00a0na ter\u00e7a-feira (23), por determina\u00e7\u00e3o do magistrado, na Opera\u00e7\u00e3o Spoofing, express\u00e3o relativa a um tipo de falsifica\u00e7\u00e3o tecnol\u00f3gica, que procura enganar uma rede ou uma pessoa fazendo-a acreditar que a fonte de uma informa\u00e7\u00e3o \u00e9 confi\u00e1vel quando, na realidade, n\u00e3o \u00e9.<\/p>\n<p>At\u00e9 o momento, somente a defesa do casal Gustavo e Suellen se manifestou publicamente sobre o caso. Segundo o advogado Ariovaldo Moreira, Gustavo nega ter invadido telefones e participado da divulga\u00e7\u00e3o das supostas conversas feitas pelo ent\u00e3o juiz federal da 13\u00aa Vara Federal, Sergio Moro.<\/p>\n<p>Moreira, no entanto, admitiu que Gustavo revelou ter recebido de seu amigo, Walter Delgatti, c\u00f3pia de uma das mensagens atribu\u00eddas a Moro, antes desta se tornar p\u00fablica, veiculada por ve\u00edculos de imprensa.<\/p>\n<p>Fonte: Ag\u00eancia Brasil<\/p>\n","protected":false},"excerpt":{"rendered":"<p>O juiz Vallisney de Souza Oliveira, titular da 10\u00aa Vara Federal de Bras\u00edlia, decidiu h\u00e1 pouco prorrogar a pris\u00e3o tempor\u00e1ria dos quatro presos pela Pol\u00edcia Federal (PF) sob suspeita de invadir o telefone celular do ministro da Justi\u00e7a e Seguran\u00e7a P\u00fablica, Sergio Moro, e de outras autoridades. Com a decis\u00e3o, os suspeitos Danilo Cristiano Marques, [&hellip;]<\/p>\n","protected":false},"author":96,"featured_media":144562,"comment_status":"closed","ping_status":"closed","sticky":false,"template":"","format":"standard","meta":{"footnotes":""},"categories":[302,436,439],"tags":[],"class_list":["post-144790","post","type-post","status-publish","format-standard","has-post-thumbnail","hentry","category-brasil-mundo","category-destaque-da-semana","category-ultima-hora"],"_links":{"self":[{"href":"https:\/\/diarioregionaldigital.com.br\/index.php?rest_route=\/wp\/v2\/posts\/144790","targetHints":{"allow":["GET"]}}],"collection":[{"href":"https:\/\/diarioregionaldigital.com.br\/index.php?rest_route=\/wp\/v2\/posts"}],"about":[{"href":"https:\/\/diarioregionaldigital.com.br\/index.php?rest_route=\/wp\/v2\/types\/post"}],"author":[{"embeddable":true,"href":"https:\/\/diarioregionaldigital.com.br\/index.php?rest_route=\/wp\/v2\/users\/96"}],"replies":[{"embeddable":true,"href":"https:\/\/diarioregionaldigital.com.br\/index.php?rest_route=%2Fwp%2Fv2%2Fcomments&post=144790"}],"version-history":[{"count":0,"href":"https:\/\/diarioregionaldigital.com.br\/index.php?rest_route=\/wp\/v2\/posts\/144790\/revisions"}],"wp:featuredmedia":[{"embeddable":true,"href":"https:\/\/diarioregionaldigital.com.br\/index.php?rest_route=\/wp\/v2\/media\/144562"}],"wp:attachment":[{"href":"https:\/\/diarioregionaldigital.com.br\/index.php?rest_route=%2Fwp%2Fv2%2Fmedia&parent=144790"}],"wp:term":[{"taxonomy":"category","embeddable":true,"href":"https:\/\/diarioregionaldigital.com.br\/index.php?rest_route=%2Fwp%2Fv2%2Fcategories&post=144790"},{"taxonomy":"post_tag","embeddable":true,"href":"https:\/\/diarioregionaldigital.com.br\/index.php?rest_route=%2Fwp%2Fv2%2Ftags&post=144790"}],"curies":[{"name":"wp","href":"https:\/\/api.w.org\/{rel}","templated":true}]}}