{"id":144787,"date":"2019-07-26T20:38:14","date_gmt":"2019-07-26T23:38:14","guid":{"rendered":"https:\/\/diarioregionaldigital.com.br\/?p=144787"},"modified":"2019-07-26T20:38:14","modified_gmt":"2019-07-26T23:38:14","slug":"dia-dos-avos-bem-comum-entrega-271-litros-de-leite-ao-abrigo-santa-helena","status":"publish","type":"post","link":"https:\/\/diarioregionaldigital.com.br\/?p=144787","title":{"rendered":"\u201cDia dos Av\u00f3s\u201d &#8211; \u201cBem Comum\u201d entrega 271 litros de leite ao Abrigo Santa Helena"},"content":{"rendered":"<p>Neste \u201cDia dos Av\u00f3s\u201d, sexta-feira, 26, o carinho de muita gente chegou aos idosos do Abrigo Santa Helena como doa\u00e7\u00e3o. L\u00e1, o \u201cBem Comum\u201d, projeto da Secretaria de Comunica\u00e7\u00e3o P\u00fablica (Secom) da Prefeitura de Juiz de Fora (PJF) entregou 271 litros de leite. Esse total foi arrecadado atrav\u00e9s da campanha \u201cLeite faz bem. Doar Tamb\u00e9m\u201d, cujo prop\u00f3sito \u00e9 auxiliar na demanda mensal de artigos aliment\u00edcios da entidade. A campanha teve como parceiro o Santa Cruz Shopping, um dos pontos de arrecada\u00e7\u00e3o.<\/p>\n<p>A auxiliar administrativa do Abrigo Santa Helena, F\u00e1tima Teodoro, foi a respons\u00e1vel por receber as doa\u00e7\u00f5es. Segundo ela, o consumo di\u00e1rio de leite, ali, \u00e9 de 70 litros. No inverno, o produto serve tanto para a confec\u00e7\u00e3o de bolos quanto para aquecer os idosos antes de dormir, e para os dependentes \u00e9 essencial no preparo de mingau e papa: &#8220;A\u00e7\u00f5es como essa auxiliam na manuten\u00e7\u00e3o do abrigo e garantem a qualidade dos servi\u00e7os oferecidos aos 145 idosos que atendemos hoje\u201d.<\/p>\n<p>Confira os demais itens aliment\u00edcios requisitados pela institui\u00e7\u00e3o em julho e colabore: ch\u00e1s variados, ado\u00e7antes l\u00edquido e forno e fog\u00e3o, Mucilon, manteiga, caf\u00e9, amido de milho e farinha de rosca.<\/p>\n<p>Com mais de cem anos de exist\u00eancia, o abrigo atende, sob regime de internamento, idosos carentes, entre homens e mulheres, e \u00e9 considerado de utilidade p\u00fablica municipal, estadual e federal. Est\u00e1 localizado na Avenida Francisco Valadares, 2.745, Bairro Vila Ideal.<\/p>\n<p>Fonte: PJF<\/p>\n","protected":false},"excerpt":{"rendered":"<p>Neste \u201cDia dos Av\u00f3s\u201d, sexta-feira, 26, o carinho de muita gente chegou aos idosos do Abrigo Santa Helena como doa\u00e7\u00e3o. L\u00e1, o \u201cBem Comum\u201d, projeto da Secretaria de Comunica\u00e7\u00e3o P\u00fablica (Secom) da Prefeitura de Juiz de Fora (PJF) entregou 271 litros de leite. Esse total foi arrecadado atrav\u00e9s da campanha \u201cLeite faz bem. Doar Tamb\u00e9m\u201d, [&hellip;]<\/p>\n","protected":false},"author":96,"featured_media":144788,"comment_status":"closed","ping_status":"closed","sticky":false,"template":"","format":"standard","meta":{"footnotes":""},"categories":[253,436,440,439],"tags":[],"class_list":["post-144787","post","type-post","status-publish","format-standard","has-post-thumbnail","hentry","category-cidade","category-destaque-da-semana","category-destaques-do-dia","category-ultima-hora"],"_links":{"self":[{"href":"https:\/\/diarioregionaldigital.com.br\/index.php?rest_route=\/wp\/v2\/posts\/144787","targetHints":{"allow":["GET"]}}],"collection":[{"href":"https:\/\/diarioregionaldigital.com.br\/index.php?rest_route=\/wp\/v2\/posts"}],"about":[{"href":"https:\/\/diarioregionaldigital.com.br\/index.php?rest_route=\/wp\/v2\/types\/post"}],"author":[{"embeddable":true,"href":"https:\/\/diarioregionaldigital.com.br\/index.php?rest_route=\/wp\/v2\/users\/96"}],"replies":[{"embeddable":true,"href":"https:\/\/diarioregionaldigital.com.br\/index.php?rest_route=%2Fwp%2Fv2%2Fcomments&post=144787"}],"version-history":[{"count":0,"href":"https:\/\/diarioregionaldigital.com.br\/index.php?rest_route=\/wp\/v2\/posts\/144787\/revisions"}],"wp:featuredmedia":[{"embeddable":true,"href":"https:\/\/diarioregionaldigital.com.br\/index.php?rest_route=\/wp\/v2\/media\/144788"}],"wp:attachment":[{"href":"https:\/\/diarioregionaldigital.com.br\/index.php?rest_route=%2Fwp%2Fv2%2Fmedia&parent=144787"}],"wp:term":[{"taxonomy":"category","embeddable":true,"href":"https:\/\/diarioregionaldigital.com.br\/index.php?rest_route=%2Fwp%2Fv2%2Fcategories&post=144787"},{"taxonomy":"post_tag","embeddable":true,"href":"https:\/\/diarioregionaldigital.com.br\/index.php?rest_route=%2Fwp%2Fv2%2Ftags&post=144787"}],"curies":[{"name":"wp","href":"https:\/\/api.w.org\/{rel}","templated":true}]}}