{"id":144775,"date":"2019-07-27T07:18:36","date_gmt":"2019-07-27T10:18:36","guid":{"rendered":"https:\/\/diarioregionaldigital.com.br\/?p=144775"},"modified":"2019-07-27T13:42:32","modified_gmt":"2019-07-27T16:42:32","slug":"confianca-do-empresario-da-construcao-sobe-26-pontos-em-julho","status":"publish","type":"post","link":"https:\/\/diarioregionaldigital.com.br\/?p=144775","title":{"rendered":"Confian\u00e7a do empres\u00e1rio da constru\u00e7\u00e3o sobe 2,6 pontos em julho"},"content":{"rendered":"<p>O \u00cdndice de Confian\u00e7a da Constru\u00e7\u00e3o (ICST), medido pela Funda\u00e7\u00e3o Getulio Vargas (FGV), subiu 2,6 pontos de junho para julho deste ano. Com o resultado, que foi a segunda alta consecutiva, o indicador chegou a 85,4 pontos, em uma escala de zero a 200 pontos, e voltou ao n\u00edvel observado em dezembro de 2018.<\/p>\n<p>A alta do \u00edndice foi influenciada tanto pela melhora da situa\u00e7\u00e3o corrente quanto pelas expectativas do curto prazo. O \u00cdndice da Situa\u00e7\u00e3o Atual cresceu 1,5 ponto e chegou a 75,1 pontos. Houve melhoras na situa\u00e7\u00e3o atual da carteira de contratos, que avan\u00e7ou 1,4 ponto, e na situa\u00e7\u00e3o atual dos neg\u00f3cios, que subiu 1,6 ponto.<\/p>\n<p>O \u00cdndice de Expectativas subiu 3,5 pontos, passando para 96 pontos, n\u00edvel abaixo do observado em dezembro de 2018 (96,5 pontos). A demanda prevista nos pr\u00f3ximos tr\u00eas meses cresceu 2,3 pontos e a tend\u00eancia dos neg\u00f3cios nos pr\u00f3ximos seis meses aumentou 4,7 pontos.<\/p>\n<p>Segundo a pesquisadora da FGV Ana Maria Castelo, o resultado \u00e9 reflexo de uma melhora no ambiente de neg\u00f3cios corrente e expectativas de curto prazo mais favor\u00e1veis. \u201cA imin\u00eancia de aprova\u00e7\u00e3o da reforma da Previd\u00eancia e a retomada das obras do Programa Minha Casa Minha Vida certamente contribu\u00edram para a melhora do cen\u00e1rio nesses dois \u00faltimos meses. No entanto, se a ado\u00e7\u00e3o de uma pol\u00edtica para incentivar o consumo comprometer a fonte de financiamento do programa habitacional, n\u00e3o haver\u00e1 sustenta\u00e7\u00e3o nessa melhora a m\u00e9dio e longo prazo\u201d.<\/p>\n<p>O N\u00edvel de Utiliza\u00e7\u00e3o da Capacidade do setor registrou a quarta alta seguida ao variar 0,6 ponto percentual em julho, para 68,9%, maior patamar desde julho de 2015 (69,4%).<\/p>\n<p>Fonte: Ag\u00eancia Brasil<\/p>\n","protected":false},"excerpt":{"rendered":"<p>O \u00cdndice de Confian\u00e7a da Constru\u00e7\u00e3o (ICST), medido pela Funda\u00e7\u00e3o Getulio Vargas (FGV), subiu 2,6 pontos de junho para julho deste ano. Com o resultado, que foi a segunda alta consecutiva, o indicador chegou a 85,4 pontos, em uma escala de zero a 200 pontos, e voltou ao n\u00edvel observado em dezembro de 2018. A [&hellip;]<\/p>\n","protected":false},"author":96,"featured_media":144776,"comment_status":"closed","ping_status":"closed","sticky":false,"template":"","format":"standard","meta":{"footnotes":""},"categories":[436,261,439],"tags":[],"class_list":["post-144775","post","type-post","status-publish","format-standard","has-post-thumbnail","hentry","category-destaque-da-semana","category-economia","category-ultima-hora"],"_links":{"self":[{"href":"https:\/\/diarioregionaldigital.com.br\/index.php?rest_route=\/wp\/v2\/posts\/144775","targetHints":{"allow":["GET"]}}],"collection":[{"href":"https:\/\/diarioregionaldigital.com.br\/index.php?rest_route=\/wp\/v2\/posts"}],"about":[{"href":"https:\/\/diarioregionaldigital.com.br\/index.php?rest_route=\/wp\/v2\/types\/post"}],"author":[{"embeddable":true,"href":"https:\/\/diarioregionaldigital.com.br\/index.php?rest_route=\/wp\/v2\/users\/96"}],"replies":[{"embeddable":true,"href":"https:\/\/diarioregionaldigital.com.br\/index.php?rest_route=%2Fwp%2Fv2%2Fcomments&post=144775"}],"version-history":[{"count":0,"href":"https:\/\/diarioregionaldigital.com.br\/index.php?rest_route=\/wp\/v2\/posts\/144775\/revisions"}],"wp:featuredmedia":[{"embeddable":true,"href":"https:\/\/diarioregionaldigital.com.br\/index.php?rest_route=\/wp\/v2\/media\/144776"}],"wp:attachment":[{"href":"https:\/\/diarioregionaldigital.com.br\/index.php?rest_route=%2Fwp%2Fv2%2Fmedia&parent=144775"}],"wp:term":[{"taxonomy":"category","embeddable":true,"href":"https:\/\/diarioregionaldigital.com.br\/index.php?rest_route=%2Fwp%2Fv2%2Fcategories&post=144775"},{"taxonomy":"post_tag","embeddable":true,"href":"https:\/\/diarioregionaldigital.com.br\/index.php?rest_route=%2Fwp%2Fv2%2Ftags&post=144775"}],"curies":[{"name":"wp","href":"https:\/\/api.w.org\/{rel}","templated":true}]}}