{"id":144772,"date":"2019-07-27T07:15:11","date_gmt":"2019-07-27T10:15:11","guid":{"rendered":"https:\/\/diarioregionaldigital.com.br\/?p=144772"},"modified":"2019-07-27T13:42:45","modified_gmt":"2019-07-27T16:42:45","slug":"brics-defende-reforma-no-conselho-de-seguranca-da-onu","status":"publish","type":"post","link":"https:\/\/diarioregionaldigital.com.br\/?p=144772","title":{"rendered":"Brics defende reforma no Conselho de Seguran\u00e7a da ONU"},"content":{"rendered":"<p>Em documento final do encontro do Brics, os chanceleres de Brasil, R\u00fassia, \u00cdndia, China e \u00c1frica do Sul defenderam o respeito ao direito internacional e a reforma no Conselho de Seguran\u00e7a da Organiza\u00e7\u00e3o das Na\u00e7\u00f5es Unidas (ONU), \u00f3rg\u00e3o no qual o Brasil pleiteia um lugar permanente.<\/p>\n<p>\u201cOs ministros reafirmaram o compromisso de manter e respeitar o direito internacional, bem como um sistema internacional no qual estados soberanos cooperam para manter a paz e a seguran\u00e7a, para avan\u00e7ar o desenvolvimento sustent\u00e1vel e para garantir a promo\u00e7\u00e3o e a prote\u00e7\u00e3o dos direitos humanos e das liberdades fundamentais para todos. Sublinharam o apoio ao multilateralismo e ao papel central das Na\u00e7\u00f5es Unidas nas rela\u00e7\u00f5es internacionais, e o compromisso de manter os princ\u00edpios e prop\u00f3sitos consagrados na Carta das Na\u00e7\u00f5es Unidas\u201d, destacaram os chanceleres, no in\u00edcio do documento.<\/p>\n<p>O Brics reitera ainda a urgente necessidade de fortalecer e reformar o sistema multilateral, inclusive a ONU, a Organiza\u00e7\u00e3o Mundial do Com\u00e9rcio (OMC), o Fundo Monet\u00e1rio Internacional (FMI) e outras organiza\u00e7\u00f5es internacionais. \u201cO sistema internacional, incluindo as organiza\u00e7\u00f5es internacionais, em particular as Na\u00e7\u00f5es Unidas, que os Ministros enfatizaram precisar ser conduzida por seus Estados Membros, deve promover os interesses de todos\u201d, diz o comunicado.<\/p>\n<p>Os ministros defenderam ainda uma reforma no Conselho de Seguran\u00e7a da ONU, incluindo outros pa\u00edses em desenvolvimento, categoria que abrange o Brasil, entre outros.<\/p>\n<p>\u201cOs ministros reafirmaram a necessidade de uma reforma abrangente das Na\u00e7\u00f5es Unidas, inclusive de seu Conselho de Seguran\u00e7a, com vistas a torn\u00e1-lo mais representativo, eficaz e eficiente, e ao aumento da representatividade dos pa\u00edses em desenvolvimento, de modo que possa responder adequadamente aos desafios globais. China e R\u00fassia reiteraram a import\u00e2ncia que conferem ao status e ao papel de Brasil, \u00cdndia e \u00c1frica do Sul nas rela\u00e7\u00f5es internacionais e apoiam sua aspira\u00e7\u00e3o de desempenharem pap\u00e9is mais relevantes na ONU.\u201d<\/p>\n<p>Os conflitos no Oriente M\u00e9dio e a possibilidade de uma escalada no Golfo P\u00e9rsico, tamb\u00e9m foram tratados no comunicado final, que exorta a resolu\u00e7\u00e3o pac\u00edfica e dentro do direito internacional das disputas.<\/p>\n<p>\u201cOs ministros expressaram preocupa\u00e7\u00f5es com conflitos e situa\u00e7\u00f5es no Oriente M\u00e9dio e no Norte da \u00c1frica e em v\u00e1rias outras regi\u00f5es que t\u00eam impacto significativo tanto em n\u00edvel regional quanto internacional. Concordaram que, independentemente de seus contextos hist\u00f3ricos e naturezas distintas, os conflitos naquelas regi\u00f5es devem ser resolvidos de acordo com os princ\u00edpios do direito internacional, do di\u00e1logo e de negocia\u00e7\u00f5es. Os ministros expressaram preocupa\u00e7\u00e3o com a eleva\u00e7\u00e3o das tens\u00f5es na regi\u00e3o do Golfo e conclamaram por uma solu\u00e7\u00e3o pol\u00edtica pacifica por meio do di\u00e1logo e do engajamento diplom\u00e1tico. \u201d<\/p>\n<p>Os ministros enfatizaram \u201ca import\u00e2ncia de cumprir e fortalecer a Conven\u00e7\u00e3o sobre a Proibi\u00e7\u00e3o do Desenvolvimento, da Produ\u00e7\u00e3o e do Armazenamento das Armas Bacteriol\u00f3gicas (Biol\u00f3gicas) e T\u00f3xicas e sobre a Sua Destrui\u00e7\u00e3o (BTWC), inclusive por meio da ado\u00e7\u00e3o de Protocolo \u00e0 Conven\u00e7\u00e3o que preveja, inter alia, um mecanismo de verifica\u00e7\u00e3o eficiente.\u201d<\/p>\n<div><\/div>\n<p>Fonte: Ag\u00eancia Brasil<\/p>\n","protected":false},"excerpt":{"rendered":"<p>Em documento final do encontro do Brics, os chanceleres de Brasil, R\u00fassia, \u00cdndia, China e \u00c1frica do Sul defenderam o respeito ao direito internacional e a reforma no Conselho de Seguran\u00e7a da Organiza\u00e7\u00e3o das Na\u00e7\u00f5es Unidas (ONU), \u00f3rg\u00e3o no qual o Brasil pleiteia um lugar permanente. \u201cOs ministros reafirmaram o compromisso de manter e respeitar [&hellip;]<\/p>\n","protected":false},"author":96,"featured_media":144773,"comment_status":"closed","ping_status":"closed","sticky":false,"template":"","format":"standard","meta":{"footnotes":""},"categories":[302,436,439],"tags":[],"class_list":["post-144772","post","type-post","status-publish","format-standard","has-post-thumbnail","hentry","category-brasil-mundo","category-destaque-da-semana","category-ultima-hora"],"_links":{"self":[{"href":"https:\/\/diarioregionaldigital.com.br\/index.php?rest_route=\/wp\/v2\/posts\/144772","targetHints":{"allow":["GET"]}}],"collection":[{"href":"https:\/\/diarioregionaldigital.com.br\/index.php?rest_route=\/wp\/v2\/posts"}],"about":[{"href":"https:\/\/diarioregionaldigital.com.br\/index.php?rest_route=\/wp\/v2\/types\/post"}],"author":[{"embeddable":true,"href":"https:\/\/diarioregionaldigital.com.br\/index.php?rest_route=\/wp\/v2\/users\/96"}],"replies":[{"embeddable":true,"href":"https:\/\/diarioregionaldigital.com.br\/index.php?rest_route=%2Fwp%2Fv2%2Fcomments&post=144772"}],"version-history":[{"count":0,"href":"https:\/\/diarioregionaldigital.com.br\/index.php?rest_route=\/wp\/v2\/posts\/144772\/revisions"}],"wp:featuredmedia":[{"embeddable":true,"href":"https:\/\/diarioregionaldigital.com.br\/index.php?rest_route=\/wp\/v2\/media\/144773"}],"wp:attachment":[{"href":"https:\/\/diarioregionaldigital.com.br\/index.php?rest_route=%2Fwp%2Fv2%2Fmedia&parent=144772"}],"wp:term":[{"taxonomy":"category","embeddable":true,"href":"https:\/\/diarioregionaldigital.com.br\/index.php?rest_route=%2Fwp%2Fv2%2Fcategories&post=144772"},{"taxonomy":"post_tag","embeddable":true,"href":"https:\/\/diarioregionaldigital.com.br\/index.php?rest_route=%2Fwp%2Fv2%2Ftags&post=144772"}],"curies":[{"name":"wp","href":"https:\/\/api.w.org\/{rel}","templated":true}]}}