{"id":144767,"date":"2019-07-27T07:07:34","date_gmt":"2019-07-27T10:07:34","guid":{"rendered":"https:\/\/diarioregionaldigital.com.br\/?p=144767"},"modified":"2019-07-27T13:43:13","modified_gmt":"2019-07-27T16:43:13","slug":"comite-discute-propostas-sobre-uso-da-web-nas-eleicoes-de-2020","status":"publish","type":"post","link":"https:\/\/diarioregionaldigital.com.br\/?p=144767","title":{"rendered":"Comit\u00ea discute propostas sobre uso da web nas elei\u00e7\u00f5es de 2020"},"content":{"rendered":"<p>O Comit\u00ea Gestor da Internet (CGI) discutiu, na quinta-feira (25), os desafios ao uso da internet nas elei\u00e7\u00f5es de 2020. Em encontro, que reuniu pesquisadores de diversas universidades do pa\u00eds, profissionais de tecnologia da informa\u00e7\u00e3o, representantes de empresas do setor e de entidades de defesa de usu\u00e1rios, avaliou os riscos de pr\u00e1ticas prejudiciais no ambiente\u00a0<em>online<\/em>\u00a0no pleito do ano que vem e quais medidas podem ser adotadas.<\/p>\n<p>Segundo os organizadores, o intuito \u00e9 que as propostas discutidas no evento sejam sistematizadas e apresentadas ao pleno do CGI, formado por representantes do governo federal, de pesquisadores, de empresas da \u00e1rea e de entidades da sociedade civil. Essa inst\u00e2ncia vai definir o que dever\u00e1 ser transformado em iniciativas e projetos e o que ser\u00e1 apresentado \u00e0 popula\u00e7\u00e3o na forma de materiais, como o guia para as elei\u00e7\u00f5es de 2018.<\/p>\n<p>\u201cO que nos inspirou para promover o semin\u00e1rio e a oficina deste ano foi a inten\u00e7\u00e3o de dar continuidade ao trabalho que come\u00e7amos no ano passado e que se revelou oportuno e relevante, tendo em vista os graves fatos ocorridos tanto nas elei\u00e7\u00f5es no Brasil como em outros pa\u00edses, baseados em campanhas de desinforma\u00e7\u00e3o\u201d, explicou a advogada e integrante do CGI Fl\u00e1via Lef\u00e9vre.<\/p>\n<p>Entre os problemas potenciais est\u00e1 a\u00a0difus\u00e3o de desinforma\u00e7\u00e3o, termo adotado pelo \u00f3rg\u00e3o para designar o que \u00e9 popularmente conhecido como\u00a0<em>fake news<\/em>. Nas elei\u00e7\u00f5es de 2018, esse tipo de recurso foi utilizado em larga escala, como apontado por estudos de distintos centros de pesquisa que analisaram o pleito e pela\u00a0miss\u00e3o da Organiza\u00e7\u00e3o dos Estados Americanos que acompanhou as vota\u00e7\u00f5es.<\/p>\n<p>Outras preocupa\u00e7\u00f5es dos participantes do evento foram a explora\u00e7\u00e3o ilegal de dados de eleitores, como a compra de cadastros, e a veicula\u00e7\u00e3o de publicidade de formas que violam a legisla\u00e7\u00e3o eleitoral. O uso de propaganda eleitoral fora da lei foi denunciado por ve\u00edculos de imprensa e gerou questionamentos no Tribunal Superior Eleitoral (TSE).<\/p>\n<p>Em 2018, o\u00a0CGI reuniu especialistas\u00a0para discutir o papel da internet no pleito daquele ano, o que resultou em um guia com sugest\u00f5es de como os servi\u00e7os na web poderiam ser bem aproveitados no contexto de disputa eleitoral.<\/p>\n<p>Para 2020, os participantes\u00a0destacaram a necessidade de aprender com os epis\u00f3dios vividos em 2018\u00a0e com as falhas detectadas na atua\u00e7\u00e3o dos \u00f3rg\u00e3os p\u00fablicos. Os desafios ser\u00e3o maiores considerando que o pleito do ano que vem vai ser mais fragmentado, envolvendo 5.568 munic\u00edpios em 2.800 zonas eleitorais e com expectativa de at\u00e9 500 mil candidatos.<\/p>\n<h2>Debates<\/h2>\n<p>Nos debates, apareceram quest\u00f5es sobre quais s\u00e3o os deveres e prerrogativas de plataformas como Google, Facebook e Twitter na gest\u00e3o de conte\u00fados, incluindo que tipo de publica\u00e7\u00f5es essas empresas podem ou n\u00e3o remover por conta pr\u00f3pria e o que deve ser decidido pela Justi\u00e7a. No caso das not\u00edcias falsas, atualmente as plataformas j\u00e1 n\u00e3o retiram, mas em alguns casos diminuem o alcance, como faz o Facebook.<\/p>\n<p>Foram apresentadas recomenda\u00e7\u00f5es de regras que assegurem a transpar\u00eancia dessas plataformas e de como funcionam seus algoritmos. Isso inclui a possibilidade de pessoas entenderam o por que de determinadas decis\u00f5es automatizadas (como por qual raz\u00e3o determinados conte\u00fados s\u00e3o mostrados e outros n\u00e3o) e a necessidade de alternativas para solicitar a revis\u00e3o dela.<\/p>\n<p>Outra preocupa\u00e7\u00e3o surgida no evento foi como os \u00f3rg\u00e3os p\u00fablicos, em especial o Minist\u00e9rio P\u00fablico e a Justi\u00e7a, devem agir para fiscalizar pr\u00e1ticas em desacordo com a lei e coibir a desinforma\u00e7\u00e3o no geral e, especialmente, nas elei\u00e7\u00f5es. Os participantes tamb\u00e9m destacaram a import\u00e2ncia de iniciativas de educa\u00e7\u00e3o para o uso da web que ajudem as pessoas a terem uma rela\u00e7\u00e3o mais cr\u00edticas com mensagens enganosas.<\/p>\n<p>Fonte: Ag\u00eancia Brasil<\/p>\n","protected":false},"excerpt":{"rendered":"<p>O Comit\u00ea Gestor da Internet (CGI) discutiu, na quinta-feira (25), os desafios ao uso da internet nas elei\u00e7\u00f5es de 2020. Em encontro, que reuniu pesquisadores de diversas universidades do pa\u00eds, profissionais de tecnologia da informa\u00e7\u00e3o, representantes de empresas do setor e de entidades de defesa de usu\u00e1rios, avaliou os riscos de pr\u00e1ticas prejudiciais no ambiente\u00a0online\u00a0no [&hellip;]<\/p>\n","protected":false},"author":96,"featured_media":144768,"comment_status":"closed","ping_status":"closed","sticky":false,"template":"","format":"standard","meta":{"footnotes":""},"categories":[302,436,439],"tags":[],"class_list":["post-144767","post","type-post","status-publish","format-standard","has-post-thumbnail","hentry","category-brasil-mundo","category-destaque-da-semana","category-ultima-hora"],"_links":{"self":[{"href":"https:\/\/diarioregionaldigital.com.br\/index.php?rest_route=\/wp\/v2\/posts\/144767","targetHints":{"allow":["GET"]}}],"collection":[{"href":"https:\/\/diarioregionaldigital.com.br\/index.php?rest_route=\/wp\/v2\/posts"}],"about":[{"href":"https:\/\/diarioregionaldigital.com.br\/index.php?rest_route=\/wp\/v2\/types\/post"}],"author":[{"embeddable":true,"href":"https:\/\/diarioregionaldigital.com.br\/index.php?rest_route=\/wp\/v2\/users\/96"}],"replies":[{"embeddable":true,"href":"https:\/\/diarioregionaldigital.com.br\/index.php?rest_route=%2Fwp%2Fv2%2Fcomments&post=144767"}],"version-history":[{"count":0,"href":"https:\/\/diarioregionaldigital.com.br\/index.php?rest_route=\/wp\/v2\/posts\/144767\/revisions"}],"wp:featuredmedia":[{"embeddable":true,"href":"https:\/\/diarioregionaldigital.com.br\/index.php?rest_route=\/wp\/v2\/media\/144768"}],"wp:attachment":[{"href":"https:\/\/diarioregionaldigital.com.br\/index.php?rest_route=%2Fwp%2Fv2%2Fmedia&parent=144767"}],"wp:term":[{"taxonomy":"category","embeddable":true,"href":"https:\/\/diarioregionaldigital.com.br\/index.php?rest_route=%2Fwp%2Fv2%2Fcategories&post=144767"},{"taxonomy":"post_tag","embeddable":true,"href":"https:\/\/diarioregionaldigital.com.br\/index.php?rest_route=%2Fwp%2Fv2%2Ftags&post=144767"}],"curies":[{"name":"wp","href":"https:\/\/api.w.org\/{rel}","templated":true}]}}