{"id":144764,"date":"2019-07-27T07:04:14","date_gmt":"2019-07-27T10:04:14","guid":{"rendered":"https:\/\/diarioregionaldigital.com.br\/?p=144764"},"modified":"2019-07-27T13:43:22","modified_gmt":"2019-07-27T16:43:22","slug":"bolsonaro-decisao-de-saques-do-fgts-foi-tomada-em-interesse-do-povo","status":"publish","type":"post","link":"https:\/\/diarioregionaldigital.com.br\/?p=144764","title":{"rendered":"Bolsonaro: decis\u00e3o de saques do FGTS foi tomada em interesse do povo"},"content":{"rendered":"<p>O presidente Jair Bolsonaro disse\u00a0nessa sexta-feira (26) que acha dif\u00edcil que o Congresso Nacional modifique a medida provis\u00f3ria com as novas regras para os saques de parte das contas do Fundo de Garantia do Tempo de Servi\u00e7o (FGTS), mas ressaltou que os parlamentares \u201ct\u00eam todo o direito\u201d de tomar alguma medida nesse sentido. O presidente foi perguntado pelos jornalistas sobre a inten\u00e7\u00e3o de alguns parlamentares de aumentar o valor do\u00a0saque\u00a0de R$ 500 para contas ativas e inativas do FGTS entre setembro deste ano a mar\u00e7o de 2020.<\/p>\n<p>\u201cO Parlamento sabe muito bem, acho dif\u00edcil tomarem medida nesse sentido, mas t\u00eam todo o direito de tomar. Se, na ponta do l\u00e1pis, eles falarem que n\u00e3o ser\u00e1 atingida a constru\u00e7\u00e3o de casas populares no Brasil, n\u00e3o tem problema, est\u00e1 certo? Depende deles mostrarem. Matem\u00e1tica n\u00e3o tem como fugir, n\u00e9? Matem\u00e1tica, pelo que eu aprendi at\u00e9\u00a0hoje, dois e dois s\u00e3o quatro e ponto final\u201d, disse o presidente.<\/p>\n<p>E acrescentou:\u00a0\u201cN\u00f3s procuramos atender 82% das pessoas cujo saldo \u00e9 abaixo de R$ 500. Alguns falam que atendi o interesse de construtoras. N\u00e3o. Atendi o interesse do povo, n\u00e3o majorando isso, porque temos que\u00a0ter\u00a0recursos para continuar o Programa Minha Casa, Minha Vida que \u00e9 muito importante para quem n\u00e3o tem onde morar. Essa que \u00e9 a nossa inten\u00e7\u00e3o\u201d, afirmou o presidente, na sa\u00edda do Pal\u00e1cio Alvorada.<\/p>\n<p>Na\u00a0quarta-feira (24), o governo federal\u00a0anunciou\u00a0a libera\u00e7\u00e3o de saques de contas ativas e inativas do Fundo de Garantia por Tempo de Servi\u00e7o (FGTS) e do PIS-Pasep. O an\u00fancio foi feito no Pal\u00e1cio do Planalto com a presen\u00e7a do presidente Jair Bolsonaro e do ministro da Economia, Paulo Guedes.<\/p>\n<p>O presidente deixou o Pal\u00e1cio do Alvorada e seguiu para Goi\u00e2nia,\u00a0onde visita o Comando de Opera\u00e7\u00f5es Especiais do Ex\u00e9rcito Brasileiro,\u00a0participa do anivers\u00e1rio de 161 anos da Pol\u00edcia Militar de Goi\u00e1s e da formatura da 45\u00aa turma de aspirantes.<\/p>\n<h2>Navios iranianos<\/h2>\n<p>O presidente tamb\u00e9m disse esperar que o problema envolvendo os dois navios iranianos que est\u00e3o parados, desde junho, perto do Porto de Paranagu\u00e1, no Paran\u00e1, seja resolvido nas pr\u00f3ximas horas ou at\u00e9 no m\u00e1ximo na\u00a0segunda-feira (29).<\/p>\n<p>A Petrobras tem se recusado a abastecer os navios. Com isso, eles ficam impedidos de retornar ao pa\u00eds de origem. A empresa\u00a0teme\u00a0violar a legisla\u00e7\u00e3o norte-americana devido ao embargo dos Estados Unidos ao Ir\u00e3. A viola\u00e7\u00e3o poderia trazer graves preju\u00edzos para a Petrobras, que \u00e9 grande exportadora de petr\u00f3leo para os Estados Unidos e tem a\u00e7\u00f5es negociadas na Bolsa de Valores de Nova York.<\/p>\n<p>A exportadora contratante dos navios chegou a conseguir uma liminar na Justi\u00e7a do Paran\u00e1 ordenando que a Petrobras abastecesse os cargueiros. A petrol\u00edfera recorreu, e a decis\u00e3o foi derrubada por uma liminar do presidente do Supremo Tribunal Federal (STF), Dias Toffoli.<\/p>\n<p>Hoje, presidente Jair Bolsonaro voltou a destacar a import\u00e2ncia do alinhamento entre o governo brasileiro e o governo norte-americano. &#8220;Temos conversado desde\u00a0ontem\u00a0com o embaixador americano nessa quest\u00e3o. Tem ades\u00e3o do Toffoli. Agora, bancos n\u00e3o querem receber o recurso para esse reabastecimento do navio. Espero que nas pr\u00f3ximas horas ou at\u00e9 no m\u00e1ximo\u00a0segunda-feira, a gente resolva esse problema sem criar qualquer rusga com os Estados Unidos\u201d, afirmou.<\/p>\n<p>Fonte: Ag\u00eancia Brasil<\/p>\n","protected":false},"excerpt":{"rendered":"<p>O presidente Jair Bolsonaro disse\u00a0nessa sexta-feira (26) que acha dif\u00edcil que o Congresso Nacional modifique a medida provis\u00f3ria com as novas regras para os saques de parte das contas do Fundo de Garantia do Tempo de Servi\u00e7o (FGTS), mas ressaltou que os parlamentares \u201ct\u00eam todo o direito\u201d de tomar alguma medida nesse sentido. O presidente [&hellip;]<\/p>\n","protected":false},"author":96,"featured_media":144765,"comment_status":"closed","ping_status":"closed","sticky":false,"template":"","format":"standard","meta":{"footnotes":""},"categories":[436,254,439],"tags":[],"class_list":["post-144764","post","type-post","status-publish","format-standard","has-post-thumbnail","hentry","category-destaque-da-semana","category-politica","category-ultima-hora"],"_links":{"self":[{"href":"https:\/\/diarioregionaldigital.com.br\/index.php?rest_route=\/wp\/v2\/posts\/144764","targetHints":{"allow":["GET"]}}],"collection":[{"href":"https:\/\/diarioregionaldigital.com.br\/index.php?rest_route=\/wp\/v2\/posts"}],"about":[{"href":"https:\/\/diarioregionaldigital.com.br\/index.php?rest_route=\/wp\/v2\/types\/post"}],"author":[{"embeddable":true,"href":"https:\/\/diarioregionaldigital.com.br\/index.php?rest_route=\/wp\/v2\/users\/96"}],"replies":[{"embeddable":true,"href":"https:\/\/diarioregionaldigital.com.br\/index.php?rest_route=%2Fwp%2Fv2%2Fcomments&post=144764"}],"version-history":[{"count":0,"href":"https:\/\/diarioregionaldigital.com.br\/index.php?rest_route=\/wp\/v2\/posts\/144764\/revisions"}],"wp:featuredmedia":[{"embeddable":true,"href":"https:\/\/diarioregionaldigital.com.br\/index.php?rest_route=\/wp\/v2\/media\/144765"}],"wp:attachment":[{"href":"https:\/\/diarioregionaldigital.com.br\/index.php?rest_route=%2Fwp%2Fv2%2Fmedia&parent=144764"}],"wp:term":[{"taxonomy":"category","embeddable":true,"href":"https:\/\/diarioregionaldigital.com.br\/index.php?rest_route=%2Fwp%2Fv2%2Fcategories&post=144764"},{"taxonomy":"post_tag","embeddable":true,"href":"https:\/\/diarioregionaldigital.com.br\/index.php?rest_route=%2Fwp%2Fv2%2Ftags&post=144764"}],"curies":[{"name":"wp","href":"https:\/\/api.w.org\/{rel}","templated":true}]}}