{"id":144761,"date":"2019-07-27T07:00:46","date_gmt":"2019-07-27T10:00:46","guid":{"rendered":"https:\/\/diarioregionaldigital.com.br\/?p=144761"},"modified":"2019-07-27T13:43:32","modified_gmt":"2019-07-27T16:43:32","slug":"governo-confirma-consulta-aos-eua-sobre-indicacao-de-eduardo-bolsonaro","status":"publish","type":"post","link":"https:\/\/diarioregionaldigital.com.br\/?p=144761","title":{"rendered":"Governo confirma consulta aos EUA sobre indica\u00e7\u00e3o de Eduardo Bolsonaro"},"content":{"rendered":"<p>O ministro das Rela\u00e7\u00f5es Exteriores brasileiro, Ernesto Ara\u00fajo, confirmou nessa sexta-feira (26) que o Brasil j\u00e1 enviou para o governo dos Estados Unidos a consulta para a indica\u00e7\u00e3o do deputado federal Eduardo Bolsonaro (PSL-SP) como embaixador no pa\u00eds norte americano. Na diplomacia, essa consulta \u00e9 chamada de\u00a0<em>agr\u00e9ment<\/em>.<\/p>\n<p>\u201cFoi pedido o\u00a0<em>agr\u00e9ment<\/em>\u00a0e esperamos a resposta americana. \u00c9 uma coisa que ocorre de acordo com a praxe diplom\u00e1tica, por seus canais pr\u00f3prios. Eu tenho a minha grande certeza de que ser\u00e1 concedido esse\u00a0<em>agr\u00e9ment<\/em>\u00a0pelo governo americano e que o Eduardo Bolsonaro ser\u00e1 um \u00f3timo embaixador\u201d, disse Ara\u00fajo.<\/p>\n<p>A confirma\u00e7\u00e3o de Ara\u00fajo foi feita durante a entrevista coletiva que o chanceler concedeu ap\u00f3s a reuni\u00e3o de ministros das rela\u00e7\u00f5es exteriores do\u00a0Brics, bloco de pa\u00edses formado por Brasil, R\u00fassia, \u00cdndia, China e \u00c1frica do Sul, que aconteceu na manh\u00e3 dessa sexta-feira (26) no Pal\u00e1cio do Itamaraty no Rio\u00a0<span id=\"OBJ_PREFIX_DWT1284_com_zimbra_date\" role=\"link\">de Janeiro<\/span>.<\/p>\n<p>Ap\u00f3s a etapa de concess\u00e3o do\u00a0<em>agr\u00e9ment<\/em>\u00a0pelo governo dos Estados Unidos, o nome do embaixador ainda precisa ser aprovado pelo Senado brasileiro.<\/p>\n<p>Fonte: Ag\u00eancia Brasil<\/p>\n","protected":false},"excerpt":{"rendered":"<p>O ministro das Rela\u00e7\u00f5es Exteriores brasileiro, Ernesto Ara\u00fajo, confirmou nessa sexta-feira (26) que o Brasil j\u00e1 enviou para o governo dos Estados Unidos a consulta para a indica\u00e7\u00e3o do deputado federal Eduardo Bolsonaro (PSL-SP) como embaixador no pa\u00eds norte americano. Na diplomacia, essa consulta \u00e9 chamada de\u00a0agr\u00e9ment. \u201cFoi pedido o\u00a0agr\u00e9ment\u00a0e esperamos a resposta americana. \u00c9 [&hellip;]<\/p>\n","protected":false},"author":96,"featured_media":144762,"comment_status":"closed","ping_status":"closed","sticky":false,"template":"","format":"standard","meta":{"footnotes":""},"categories":[302,436,439],"tags":[],"class_list":["post-144761","post","type-post","status-publish","format-standard","has-post-thumbnail","hentry","category-brasil-mundo","category-destaque-da-semana","category-ultima-hora"],"_links":{"self":[{"href":"https:\/\/diarioregionaldigital.com.br\/index.php?rest_route=\/wp\/v2\/posts\/144761","targetHints":{"allow":["GET"]}}],"collection":[{"href":"https:\/\/diarioregionaldigital.com.br\/index.php?rest_route=\/wp\/v2\/posts"}],"about":[{"href":"https:\/\/diarioregionaldigital.com.br\/index.php?rest_route=\/wp\/v2\/types\/post"}],"author":[{"embeddable":true,"href":"https:\/\/diarioregionaldigital.com.br\/index.php?rest_route=\/wp\/v2\/users\/96"}],"replies":[{"embeddable":true,"href":"https:\/\/diarioregionaldigital.com.br\/index.php?rest_route=%2Fwp%2Fv2%2Fcomments&post=144761"}],"version-history":[{"count":0,"href":"https:\/\/diarioregionaldigital.com.br\/index.php?rest_route=\/wp\/v2\/posts\/144761\/revisions"}],"wp:featuredmedia":[{"embeddable":true,"href":"https:\/\/diarioregionaldigital.com.br\/index.php?rest_route=\/wp\/v2\/media\/144762"}],"wp:attachment":[{"href":"https:\/\/diarioregionaldigital.com.br\/index.php?rest_route=%2Fwp%2Fv2%2Fmedia&parent=144761"}],"wp:term":[{"taxonomy":"category","embeddable":true,"href":"https:\/\/diarioregionaldigital.com.br\/index.php?rest_route=%2Fwp%2Fv2%2Fcategories&post=144761"},{"taxonomy":"post_tag","embeddable":true,"href":"https:\/\/diarioregionaldigital.com.br\/index.php?rest_route=%2Fwp%2Fv2%2Ftags&post=144761"}],"curies":[{"name":"wp","href":"https:\/\/api.w.org\/{rel}","templated":true}]}}