{"id":144758,"date":"2019-07-27T07:51:06","date_gmt":"2019-07-27T10:51:06","guid":{"rendered":"https:\/\/diarioregionaldigital.com.br\/?p=144758"},"modified":"2019-07-27T13:43:47","modified_gmt":"2019-07-27T16:43:47","slug":"guedes-defende-capitalizacao-na-reforma-da-previdencia","status":"publish","type":"post","link":"https:\/\/diarioregionaldigital.com.br\/?p=144758","title":{"rendered":"Guedes defende capitaliza\u00e7\u00e3o na reforma da Previd\u00eancia"},"content":{"rendered":"<p>O ministro da Economia, Paulo Guedes, defendeu nessa sexta-feira (26) a inclus\u00e3o do modelo de capitaliza\u00e7\u00e3o na reforma da Previd\u00eancia, que est\u00e1 em tramita\u00e7\u00e3o no Congresso Nacional. Em palestra na Associa\u00e7\u00e3o Comercial do Rio de Janeiro, Guedes lembrou que a decis\u00e3o de incluir essa possibilidade na reforma \u00e9 do Congresso.<\/p>\n<p>&#8220;Se [o Congresso] aprovar que n\u00e3o h\u00e1 capitaliza\u00e7\u00e3o, n\u00e3o h\u00e1 capitaliza\u00e7\u00e3o. Se tivermos a possibilidade de oferecer essa solu\u00e7\u00e3o, ofereceremos.&#8221;<\/p>\n<p>Ao argumentar a favor da capitaliza\u00e7\u00e3o, ele defendeu que &#8220;ningu\u00e9m seria deixado para tr\u00e1s&#8221; com o modelo, porque a renda de quem n\u00e3o conseguisse contribuir o suficiente para se aposentar com um sal\u00e1rio m\u00ednimo poderia ser complementada de forma solid\u00e1ria.<\/p>\n<p>O ministro demonstrou confian\u00e7a na aprova\u00e7\u00e3o da reforma da Previd\u00eancia no Congresso Nacional, elogiando o trabalho do presidente da C\u00e2mara, Rodrigo Maia, na condu\u00e7\u00e3o do tr\u00e2mite at\u00e9 a aprova\u00e7\u00e3o em 1\u00ba turno.<\/p>\n<p>&#8220;O presidente do Senado vai fazer um belo trabalho tamb\u00e9m. Estou seguro disso&#8221;, explicou o ministro, que destacou o acordo entre o Mercosul e a Uni\u00e3o Europeia e o leil\u00e3o dos excedentes da cess\u00e3o onerosa como medidas j\u00e1 encaminhadas que trar\u00e3o benef\u00edcios \u00e0 economia.<\/p>\n<p>Em sua fala, o ministro comparou a libera\u00e7\u00e3o do saque do Fundo de Garantia por Tempo de Servi\u00e7o (FGTS) durante o governo Michel Temer e o proposto por sua equipe. Ele destacou que dessa vez a medida beneficiar\u00e1 at\u00e9 100 milh\u00f5es de pessoas e permitir\u00e1 que pessoas mais pobres possam ter um sal\u00e1rio extra todo ano.<\/p>\n<p>&#8220;Vai ser como um 14\u00ba sal\u00e1rio para quem tem sal\u00e1rio mais baixo&#8221;, explicou ele, ponderando que as limita\u00e7\u00f5es para o saque protegem a constru\u00e7\u00e3o civil.<\/p>\n<p>Guedes palestrou durante cerca de uma hora e meia para uma plateia que contava com empres\u00e1rios e presidentes de institui\u00e7\u00f5es estatais como a Petrobras, o Instituto Brasileiro de Geografia e Estat\u00edstica e o Banco do Brasil. O ministro fez um panorama da hist\u00f3ria econ\u00f4mica do Brasil nas \u00faltimas d\u00e9cadas e apontou o crescimento descontrolado de gastos p\u00fablicos como um problema que n\u00e3o foi enfrentado ao longo dos anos, nem ap\u00f3s a redemocratiza\u00e7\u00e3o, quando ele avalia que o Estado deveria ter sido descentralizado.<\/p>\n<p>&#8220;Nos perdemos por n\u00e3o conseguir fazer essa transforma\u00e7\u00e3o&#8221;, disse Guedes. &#8220;Esquecemos de diminuir os privil\u00e9gios e privatizar as empresas.&#8221;<\/p>\n<p>O ministro apontou que o peso dos gastos p\u00fablicos vem principalmente do sistema previdenci\u00e1rio, dos juros da d\u00edvida e da manuten\u00e7\u00e3o da m\u00e1quina p\u00fablica.\u00a0 &#8220;Vamos ter que acelerar as privatiza\u00e7\u00f5es&#8221;, disse ele, que apontou tamb\u00e9m a revis\u00e3o do Pacto Federativo e a reforma Tribut\u00e1ria como medidas que ser\u00e3o importantes para a economia.<\/p>\n<p>J\u00e1 ao fim de sua palestra, o ministro destacou que as iniciativas do governo para reduzir o custo da energia podem produzir um ganho de 10% no produto interno bruto da ind\u00fastria em 10 anos. Ele defendeu a postura da Petrobras de acelerar a explora\u00e7\u00e3o e produ\u00e7\u00e3o de petr\u00f3leo, abrindo mais espa\u00e7o para a inciativa privada em outras etapas da cadeia petrol\u00edfera.<\/p>\n<p>&#8220;Daqui a 20 ou 30 anos, pode ser que os carros sejam el\u00e9tricos&#8221;, disse ele, que defendeu que a riqueza gerada com o petr\u00f3leo se transforme em educa\u00e7\u00e3o e capital humano.<\/p>\n<p>Fonte: Ag\u00eancia Brasil<\/p>\n","protected":false},"excerpt":{"rendered":"<p>O ministro da Economia, Paulo Guedes, defendeu nessa sexta-feira (26) a inclus\u00e3o do modelo de capitaliza\u00e7\u00e3o na reforma da Previd\u00eancia, que est\u00e1 em tramita\u00e7\u00e3o no Congresso Nacional. Em palestra na Associa\u00e7\u00e3o Comercial do Rio de Janeiro, Guedes lembrou que a decis\u00e3o de incluir essa possibilidade na reforma \u00e9 do Congresso. &#8220;Se [o Congresso] aprovar que [&hellip;]<\/p>\n","protected":false},"author":96,"featured_media":144759,"comment_status":"closed","ping_status":"closed","sticky":false,"template":"","format":"standard","meta":{"footnotes":""},"categories":[436,261,439],"tags":[],"class_list":["post-144758","post","type-post","status-publish","format-standard","has-post-thumbnail","hentry","category-destaque-da-semana","category-economia","category-ultima-hora"],"_links":{"self":[{"href":"https:\/\/diarioregionaldigital.com.br\/index.php?rest_route=\/wp\/v2\/posts\/144758","targetHints":{"allow":["GET"]}}],"collection":[{"href":"https:\/\/diarioregionaldigital.com.br\/index.php?rest_route=\/wp\/v2\/posts"}],"about":[{"href":"https:\/\/diarioregionaldigital.com.br\/index.php?rest_route=\/wp\/v2\/types\/post"}],"author":[{"embeddable":true,"href":"https:\/\/diarioregionaldigital.com.br\/index.php?rest_route=\/wp\/v2\/users\/96"}],"replies":[{"embeddable":true,"href":"https:\/\/diarioregionaldigital.com.br\/index.php?rest_route=%2Fwp%2Fv2%2Fcomments&post=144758"}],"version-history":[{"count":0,"href":"https:\/\/diarioregionaldigital.com.br\/index.php?rest_route=\/wp\/v2\/posts\/144758\/revisions"}],"wp:featuredmedia":[{"embeddable":true,"href":"https:\/\/diarioregionaldigital.com.br\/index.php?rest_route=\/wp\/v2\/media\/144759"}],"wp:attachment":[{"href":"https:\/\/diarioregionaldigital.com.br\/index.php?rest_route=%2Fwp%2Fv2%2Fmedia&parent=144758"}],"wp:term":[{"taxonomy":"category","embeddable":true,"href":"https:\/\/diarioregionaldigital.com.br\/index.php?rest_route=%2Fwp%2Fv2%2Fcategories&post=144758"},{"taxonomy":"post_tag","embeddable":true,"href":"https:\/\/diarioregionaldigital.com.br\/index.php?rest_route=%2Fwp%2Fv2%2Ftags&post=144758"}],"curies":[{"name":"wp","href":"https:\/\/api.w.org\/{rel}","templated":true}]}}