{"id":144752,"date":"2019-07-27T07:44:11","date_gmt":"2019-07-27T10:44:11","guid":{"rendered":"https:\/\/diarioregionaldigital.com.br\/?p=144752"},"modified":"2019-07-27T13:44:09","modified_gmt":"2019-07-27T16:44:09","slug":"construcao-civil-registra-inflacao-de-091-em-julho-diz-fgv","status":"publish","type":"post","link":"https:\/\/diarioregionaldigital.com.br\/?p=144752","title":{"rendered":"Constru\u00e7\u00e3o civil registra infla\u00e7\u00e3o de 0,91% em julho, diz FGV"},"content":{"rendered":"<p>O \u00cdndice Nacional de Custo da Constru\u00e7\u00e3o \u2013 M (INCC-M) registrou infla\u00e7\u00e3o de 0,91% em julho, percentual superior ao apurado no m\u00eas anterior (0,44%). Segundo a Funda\u00e7\u00e3o Getulio Vargas (FGV), o INCC-M acumula taxas de 2,73% no ano e de 3,95% em 12 meses.<\/p>\n<p>A maior alta de pre\u00e7os foi observada no custo da m\u00e3o de obra, que ficou 1,63% mais cara em julho. A m\u00e3o de obra auxiliar teve infla\u00e7\u00e3o de 1,74%.<\/p>\n<p>Os servi\u00e7os ficaram 0,20% mais caros no m\u00eas, puxados principalmente pelos alugu\u00e9is e taxas (0,34%).<\/p>\n<p>Os materiais e equipamentos tiveram uma taxa mais moderada (0,04%). Se por um lado, o material para pintura ficou 1,63% mais caro, por outro, o material met\u00e1lico ficou 0,65% mais barato.<\/p>\n<div class=\"edicao\"><\/div>\n<p>Fonte: Ag\u00eancia Brasil<\/p>\n","protected":false},"excerpt":{"rendered":"<p>O \u00cdndice Nacional de Custo da Constru\u00e7\u00e3o \u2013 M (INCC-M) registrou infla\u00e7\u00e3o de 0,91% em julho, percentual superior ao apurado no m\u00eas anterior (0,44%). Segundo a Funda\u00e7\u00e3o Getulio Vargas (FGV), o INCC-M acumula taxas de 2,73% no ano e de 3,95% em 12 meses. A maior alta de pre\u00e7os foi observada no custo da m\u00e3o [&hellip;]<\/p>\n","protected":false},"author":96,"featured_media":144753,"comment_status":"closed","ping_status":"closed","sticky":false,"template":"","format":"standard","meta":{"footnotes":""},"categories":[436,261,439],"tags":[],"class_list":["post-144752","post","type-post","status-publish","format-standard","has-post-thumbnail","hentry","category-destaque-da-semana","category-economia","category-ultima-hora"],"_links":{"self":[{"href":"https:\/\/diarioregionaldigital.com.br\/index.php?rest_route=\/wp\/v2\/posts\/144752","targetHints":{"allow":["GET"]}}],"collection":[{"href":"https:\/\/diarioregionaldigital.com.br\/index.php?rest_route=\/wp\/v2\/posts"}],"about":[{"href":"https:\/\/diarioregionaldigital.com.br\/index.php?rest_route=\/wp\/v2\/types\/post"}],"author":[{"embeddable":true,"href":"https:\/\/diarioregionaldigital.com.br\/index.php?rest_route=\/wp\/v2\/users\/96"}],"replies":[{"embeddable":true,"href":"https:\/\/diarioregionaldigital.com.br\/index.php?rest_route=%2Fwp%2Fv2%2Fcomments&post=144752"}],"version-history":[{"count":0,"href":"https:\/\/diarioregionaldigital.com.br\/index.php?rest_route=\/wp\/v2\/posts\/144752\/revisions"}],"wp:featuredmedia":[{"embeddable":true,"href":"https:\/\/diarioregionaldigital.com.br\/index.php?rest_route=\/wp\/v2\/media\/144753"}],"wp:attachment":[{"href":"https:\/\/diarioregionaldigital.com.br\/index.php?rest_route=%2Fwp%2Fv2%2Fmedia&parent=144752"}],"wp:term":[{"taxonomy":"category","embeddable":true,"href":"https:\/\/diarioregionaldigital.com.br\/index.php?rest_route=%2Fwp%2Fv2%2Fcategories&post=144752"},{"taxonomy":"post_tag","embeddable":true,"href":"https:\/\/diarioregionaldigital.com.br\/index.php?rest_route=%2Fwp%2Fv2%2Ftags&post=144752"}],"curies":[{"name":"wp","href":"https:\/\/api.w.org\/{rel}","templated":true}]}}