{"id":144750,"date":"2019-07-27T07:42:10","date_gmt":"2019-07-27T10:42:10","guid":{"rendered":"https:\/\/diarioregionaldigital.com.br\/?p=144750"},"modified":"2019-07-27T13:44:19","modified_gmt":"2019-07-27T16:44:19","slug":"governo-central-tem-menor-deficit-em-quatro-anos-no-primeiro-semestre","status":"publish","type":"post","link":"https:\/\/diarioregionaldigital.com.br\/?p=144750","title":{"rendered":"Governo Central tem menor d\u00e9ficit em quatro anos no primeiro semestre"},"content":{"rendered":"<p>A queda nos gastos discricion\u00e1rios (n\u00e3o obrigat\u00f3rios) e a recupera\u00e7\u00e3o das receitas fizeram o Governo Central \u2013 Tesouro Nacional, Previd\u00eancia Social e Banco Central \u2013 fechar o primeiro semestre de 2019 com o menor d\u00e9ficit prim\u00e1rio em quatro anos. Segundo o Tesouro Nacional, os entes fecharam os seis primeiros meses do ano com resultado negativo de R$ 28,294 bilh\u00f5es, o melhor resultado para o per\u00edodo desde 2015.<\/p>\n<p>No primeiro semestre do ano passado, o Governo Central registrou d\u00e9ficit prim\u00e1rio de R$ 31,593 bilh\u00f5es. Em 2017, o d\u00e9ficit acumulado nos seis primeiros meses tinha atingido o valor recorde de R$ 56,479 bilh\u00f5es.<\/p>\n<p>O d\u00e9ficit prim\u00e1rio \u00e9 o resultado negativo das contas do governo desconsiderando o pagamento dos juros da d\u00edvida p\u00fablica. Apenas em junho, o d\u00e9ficit prim\u00e1rio totalizou R$ 11,481 bilh\u00f5es. Esse foi o melhor resultado para o m\u00eas desde 2016. Em junho do ano passado, o d\u00e9ficit prim\u00e1rio tinha totalizado R$ 16,38 bilh\u00f5es.<\/p>\n<p>Segundo o Tesouro Nacional, a melhora no resultado do primeiro semestre decorreu de dois fatores. O primeiro foi a redu\u00e7\u00e3o de R$ 13,34 bilh\u00f5es nos gastos discricion\u00e1rios nos seis primeiros meses do ano, montante 23,5% menor que no mesmo per\u00edodo de 2018, descontada a infla\u00e7\u00e3o. E a alta da arrecada\u00e7\u00e3o nos \u00faltimos meses tamb\u00e9m influenciou no resultado. Apenas em junho, as receitas l\u00edquidas subiram 1,6% acima da infla\u00e7\u00e3o na compara\u00e7\u00e3o com junho do ano passado.<\/p>\n<p>Mesmo com o aumento da arrecada\u00e7\u00e3o nos \u00faltimos meses, a receita l\u00edquida do Governo Central acumula recuo de 0,2% em valores corrigidos pela infla\u00e7\u00e3o oficial medida pelo \u00cdndice Nacional de Pre\u00e7os ao Consumidor Amplo (IPCA) em rela\u00e7\u00e3o ao mesmo per\u00edodo de 2018. As despesas totais acumulam queda de 1,4%, tamb\u00e9m descontada a infla\u00e7\u00e3o.<\/p>\n<p>Apesar da diminui\u00e7\u00e3o das despesas totais, gastos obrigat\u00f3rios continuam subindo. As despesas com a Previd\u00eancia Social acumulam alta de 1,9% acima da infla\u00e7\u00e3o nos seis primeiros meses de 2019 em rela\u00e7\u00e3o aos mesmos meses do ano passado. Os gastos com o funcionalismo federal subiram 1% acima da infla\u00e7\u00e3o em igual per\u00edodo.<\/p>\n<h2>Meta<\/h2>\n<p>Para este ano, a meta de d\u00e9ficit prim\u00e1rio est\u00e1 estipulada em R$ 139 bilh\u00f5es. Segundo o \u00faltimo Relat\u00f3rio de Avalia\u00e7\u00e3o de Receitas e Despesas, divulgado na \u00faltima segunda-feira (22) pelo Minist\u00e9rio da Economia,\u00a0o governo aumentou o contingenciamento\u00a0(bloqueio de verbas) em R$ 1,44 bilh\u00e3o e zerou uma reserva de emerg\u00eancia para assegurar o cumprimento da meta. Agora, o valor bloqueado neste ano soma R$ 31,22 bilh\u00f5es.<\/p>\n<h2>Investimentos<\/h2>\n<p>Os gastos de custeio (manuten\u00e7\u00e3o da m\u00e1quina p\u00fablica), no entanto, ca\u00edram 9,1%, descontada a infla\u00e7\u00e3o. As despesas que mais ca\u00edram, no entanto, foram os investimentos (obras p\u00fablicas e compra de equipamentos), que somaram R$ 18,234 bilh\u00f5es nos seis primeiros meses do ano, com recuo de 17,7% descontado o IPCA em rela\u00e7\u00e3o ao mesmo per\u00edodo do ano passado.<\/p>\n<p>O Programa de Acelera\u00e7\u00e3o do Crescimento (PAC) continua executando menos este ano. As despesas do PAC somaram R$ 8,729 bilh\u00f5es no primeiro semestre, com retra\u00e7\u00e3o de 8,9% em rela\u00e7\u00e3o aos seis primeiros meses de 2018 descontando o IPCA.<\/p>\n<p>&nbsp;<\/p>\n<div><\/div>\n<p>Fonte: Ag\u00eancia Brasil<\/p>\n","protected":false},"excerpt":{"rendered":"<p>A queda nos gastos discricion\u00e1rios (n\u00e3o obrigat\u00f3rios) e a recupera\u00e7\u00e3o das receitas fizeram o Governo Central \u2013 Tesouro Nacional, Previd\u00eancia Social e Banco Central \u2013 fechar o primeiro semestre de 2019 com o menor d\u00e9ficit prim\u00e1rio em quatro anos. Segundo o Tesouro Nacional, os entes fecharam os seis primeiros meses do ano com resultado negativo [&hellip;]<\/p>\n","protected":false},"author":96,"featured_media":140250,"comment_status":"closed","ping_status":"closed","sticky":false,"template":"","format":"standard","meta":{"footnotes":""},"categories":[436,261,439],"tags":[],"class_list":["post-144750","post","type-post","status-publish","format-standard","has-post-thumbnail","hentry","category-destaque-da-semana","category-economia","category-ultima-hora"],"_links":{"self":[{"href":"https:\/\/diarioregionaldigital.com.br\/index.php?rest_route=\/wp\/v2\/posts\/144750","targetHints":{"allow":["GET"]}}],"collection":[{"href":"https:\/\/diarioregionaldigital.com.br\/index.php?rest_route=\/wp\/v2\/posts"}],"about":[{"href":"https:\/\/diarioregionaldigital.com.br\/index.php?rest_route=\/wp\/v2\/types\/post"}],"author":[{"embeddable":true,"href":"https:\/\/diarioregionaldigital.com.br\/index.php?rest_route=\/wp\/v2\/users\/96"}],"replies":[{"embeddable":true,"href":"https:\/\/diarioregionaldigital.com.br\/index.php?rest_route=%2Fwp%2Fv2%2Fcomments&post=144750"}],"version-history":[{"count":0,"href":"https:\/\/diarioregionaldigital.com.br\/index.php?rest_route=\/wp\/v2\/posts\/144750\/revisions"}],"wp:featuredmedia":[{"embeddable":true,"href":"https:\/\/diarioregionaldigital.com.br\/index.php?rest_route=\/wp\/v2\/media\/140250"}],"wp:attachment":[{"href":"https:\/\/diarioregionaldigital.com.br\/index.php?rest_route=%2Fwp%2Fv2%2Fmedia&parent=144750"}],"wp:term":[{"taxonomy":"category","embeddable":true,"href":"https:\/\/diarioregionaldigital.com.br\/index.php?rest_route=%2Fwp%2Fv2%2Fcategories&post=144750"},{"taxonomy":"post_tag","embeddable":true,"href":"https:\/\/diarioregionaldigital.com.br\/index.php?rest_route=%2Fwp%2Fv2%2Ftags&post=144750"}],"curies":[{"name":"wp","href":"https:\/\/api.w.org\/{rel}","templated":true}]}}