{"id":144743,"date":"2019-07-27T07:31:11","date_gmt":"2019-07-27T10:31:11","guid":{"rendered":"https:\/\/diarioregionaldigital.com.br\/?p=144743"},"modified":"2019-07-27T13:44:52","modified_gmt":"2019-07-27T16:44:52","slug":"brasil-reduz-consumo-de-hcfcs-em-375","status":"publish","type":"post","link":"https:\/\/diarioregionaldigital.com.br\/?p=144743","title":{"rendered":"Brasil reduz consumo de HCFCs em 37,5%"},"content":{"rendered":"<p>O Brasil assumiu o compromisso de reduzir em 39,3% o consumo dos\u00a0hidroclorofluorcarbonos\u00a0(HCFCs) at\u00e9 o ano de 2020. De acordo com o Minist\u00e9rio do Meio Ambiente, o pa\u00eds j\u00e1 conseguiu reduzir esse consumo em 37,75% em rela\u00e7\u00e3o \u00e0 linha de base, que \u00e9 de 1.327 toneladas PDO\/ano (Potencial de Destrui\u00e7\u00e3o do Oz\u00f4nio), equivalente \u00e0 m\u00e9dia dos anos 2009 e 2010. Ao todo, foram eliminadas 501,04 toneladas PDO.<\/p>\n<p>Os hidroclorofluorcarbonos (HCFCs) s\u00e3o subst\u00e2ncias qu\u00edmicas utilizadas, principalmente, por ind\u00fastrias dos ramos de refrigera\u00e7\u00e3o e automotiva, na produ\u00e7\u00e3o de espumas, na agricultura e em laborat\u00f3rios. Os HCFCs s\u00e3o tamb\u00e9m os principais respons\u00e1veis pela degenera\u00e7\u00e3o da camada de oz\u00f4nio. A redu\u00e7\u00e3o do consumo dessas subst\u00e2ncias \u00e9 meta prevista do Protocolo de Montreal, que come\u00e7ou a vigorar em 1987 e tem a ades\u00e3o de 197 pa\u00edses.<\/p>\n<p>O MMA destaca ainda que a redu\u00e7\u00e3o do consumo dos HCFCs, al\u00e9m de contribuir para a preserva\u00e7\u00e3o da camada de oz\u00f4nio, reafirma os compromissos internacionais assumidos pelo Brasil na quest\u00e3o do combate ao aquecimento global.<\/p>\n<h2>PBH<\/h2>\n<p>O governo tem o Programa Brasileiro de Elimina\u00e7\u00e3o dos HCFCs (PBH), coordenado pelo Minist\u00e9rio do Meio Ambiente (MMA). De acordo com o minist\u00e9rio, as a\u00e7\u00f5es buscam sensibilizar os consumidores das Subst\u00e2ncias Destruidoras da Camada de Oz\u00f4nio (SDOs), principalmente os setores de refrigera\u00e7\u00e3o, espuma e servi\u00e7os associados para que adotem estrat\u00e9gias de controle, redu\u00e7\u00e3o e elimina\u00e7\u00e3o dessas subst\u00e2ncias.<\/p>\n<p>O programa prev\u00ea tamb\u00e9m a realiza\u00e7\u00e3o de campanhas para os 74 mil supermercadistas do pa\u00eds sobre os benef\u00edcios ambientais e econ\u00f4micos da substitui\u00e7\u00e3o dos HCFCs por subst\u00e2ncias n\u00e3o nocivas \u00e0 camada de oz\u00f4nio na manuten\u00e7\u00e3o dos equipamentos de refrigera\u00e7\u00e3o.<\/p>\n<h2>Protocolo de Montreal<\/h2>\n<p>O tratado come\u00e7ou a vigorar em 1987 e tem a ades\u00e3o de 197 pa\u00edses que assumiram o compromisso reduzir e eliminar a gera\u00e7\u00e3o e consumo de subst\u00e2ncias nocivas \u00e0 camada de oz\u00f4nio. O Brasil aderiu ao acordo tr\u00eas anos depois e, em 2010, extinguiu o consumo dos CFCs. Apesar de menos agressivos, os HCFCs tamb\u00e9m devem ser substitu\u00eddos por outros compostos que n\u00e3o destruam a camada. A meta \u00e9 que at\u00e9 2040 essas subst\u00e2ncias n\u00e3o sejam mais usadas.<\/p>\n<p>Fonte: Ag\u00eancia Brasil<\/p>\n","protected":false},"excerpt":{"rendered":"<p>O Brasil assumiu o compromisso de reduzir em 39,3% o consumo dos\u00a0hidroclorofluorcarbonos\u00a0(HCFCs) at\u00e9 o ano de 2020. De acordo com o Minist\u00e9rio do Meio Ambiente, o pa\u00eds j\u00e1 conseguiu reduzir esse consumo em 37,75% em rela\u00e7\u00e3o \u00e0 linha de base, que \u00e9 de 1.327 toneladas PDO\/ano (Potencial de Destrui\u00e7\u00e3o do Oz\u00f4nio), equivalente \u00e0 m\u00e9dia dos [&hellip;]<\/p>\n","protected":false},"author":96,"featured_media":144744,"comment_status":"closed","ping_status":"closed","sticky":false,"template":"","format":"standard","meta":{"footnotes":""},"categories":[302,436,439],"tags":[],"class_list":["post-144743","post","type-post","status-publish","format-standard","has-post-thumbnail","hentry","category-brasil-mundo","category-destaque-da-semana","category-ultima-hora"],"_links":{"self":[{"href":"https:\/\/diarioregionaldigital.com.br\/index.php?rest_route=\/wp\/v2\/posts\/144743","targetHints":{"allow":["GET"]}}],"collection":[{"href":"https:\/\/diarioregionaldigital.com.br\/index.php?rest_route=\/wp\/v2\/posts"}],"about":[{"href":"https:\/\/diarioregionaldigital.com.br\/index.php?rest_route=\/wp\/v2\/types\/post"}],"author":[{"embeddable":true,"href":"https:\/\/diarioregionaldigital.com.br\/index.php?rest_route=\/wp\/v2\/users\/96"}],"replies":[{"embeddable":true,"href":"https:\/\/diarioregionaldigital.com.br\/index.php?rest_route=%2Fwp%2Fv2%2Fcomments&post=144743"}],"version-history":[{"count":0,"href":"https:\/\/diarioregionaldigital.com.br\/index.php?rest_route=\/wp\/v2\/posts\/144743\/revisions"}],"wp:featuredmedia":[{"embeddable":true,"href":"https:\/\/diarioregionaldigital.com.br\/index.php?rest_route=\/wp\/v2\/media\/144744"}],"wp:attachment":[{"href":"https:\/\/diarioregionaldigital.com.br\/index.php?rest_route=%2Fwp%2Fv2%2Fmedia&parent=144743"}],"wp:term":[{"taxonomy":"category","embeddable":true,"href":"https:\/\/diarioregionaldigital.com.br\/index.php?rest_route=%2Fwp%2Fv2%2Fcategories&post=144743"},{"taxonomy":"post_tag","embeddable":true,"href":"https:\/\/diarioregionaldigital.com.br\/index.php?rest_route=%2Fwp%2Fv2%2Ftags&post=144743"}],"curies":[{"name":"wp","href":"https:\/\/api.w.org\/{rel}","templated":true}]}}