{"id":144741,"date":"2019-07-27T07:27:28","date_gmt":"2019-07-27T10:27:28","guid":{"rendered":"https:\/\/diarioregionaldigital.com.br\/?p=144741"},"modified":"2019-07-27T13:45:03","modified_gmt":"2019-07-27T16:45:03","slug":"em-15-anos-170-mil-brasileiros-conseguem-cidadania-europeia","status":"publish","type":"post","link":"https:\/\/diarioregionaldigital.com.br\/?p=144741","title":{"rendered":"Em 15 anos, 170 mil brasileiros conseguem cidadania europeia"},"content":{"rendered":"<p>Seguran\u00e7a para andar nas ruas, perspectiva de renda, estabilidade e livre circula\u00e7\u00e3o foram motivos que fizeram os brasileiros Thiago Heluy, de 37 anos, e Jo\u00e3o Veiga, de 21, requisitarem a cidadania portuguesa nos \u00faltimos dois anos. Agora, ambos vivem no pa\u00eds e fazem planos na Europa.<\/p>\n<p>Os dois fazem parte do grande n\u00famero de brasileiros que buscam cidadania no Velho Continente. De 2002, quando o Servi\u00e7o de Estat\u00edstica da Uni\u00e3o Europeia (Eurostat) come\u00e7ou a contabilizar dados continentais, a 2017, o n\u00famero de cidadanias concedidas aumentou mais de 800%.<\/p>\n<div class=\"dnd-widget-wrapper context-cheio_8colunas type-image\">\n<div class=\"dnd-atom-rendered\">\n<figure class=\"mejs-fotoh-wrapper\"><img decoding=\"async\" class=\"img-responsive full full\" title=\"Reuters\/Direitos Reservados\" src=\"http:\/\/imagens.ebc.com.br\/M9Dh-zd1YsYfI7lrOR83qBXIKD4=\/754x0\/smart\/http:\/\/agenciabrasil.ebc.com.br\/sites\/default\/files\/thumbnails\/image\/2017-08-22t152723z_1_lva0016v8p7wn_rtrwnev_e_2206-portugal-security_1.jpg?itok=DswBgRFu\" alt=\"Lisboa, Portugal\" \/><\/figure>\n<\/div>\n<div class=\"dnd-caption-wrapper\">\n<div class=\"meta\">Lisboa \u00e9 a cidade mais procurada por brasileiros que v\u00e3o morar na Europa \u00a0\u00a0\u00a0<strong>(Reuters\/Direitos Reservados)<\/strong><\/div>\n<\/div>\n<\/div>\n<p>Enquanto 2.422 brasileiros obtiveram uma segunda nacionalidade europeia em 2002, por descend\u00eancia, tempo de resid\u00eancia ou casamento, em 2017 foram 22.503.<\/p>\n<p>Nesses 15 anos, 170.187 brasileiros obtiveram\u00a0 cidadania de um dos 33 pa\u00edses europeus analisados, dos quais a maioria integra a Uni\u00e3o Europeia.<\/p>\n<p>O n\u00famero de brasileiros que receberam uma cidadania europeia saltou 152% somente entre 2007 e 2008. At\u00e9 ent\u00e3o, a Alemanha era o pa\u00eds que mais aprovava pedidos, e foi a\u00ed que Portugal passou a liderar os casos.<\/p>\n<p>Portugal foi respons\u00e1vel por 32% do total de cidadanias concedidas entre 2002 e 2017, seguido por It\u00e1lia (17,8%), Espanha (15,63%) e Alemanha (7,83%). Juntos, esses pa\u00edses concentraram cerca de 75% dos casos.<\/p>\n<p>Fonte: Ag\u00eancia Brasil<\/p>\n","protected":false},"excerpt":{"rendered":"<p>Seguran\u00e7a para andar nas ruas, perspectiva de renda, estabilidade e livre circula\u00e7\u00e3o foram motivos que fizeram os brasileiros Thiago Heluy, de 37 anos, e Jo\u00e3o Veiga, de 21, requisitarem a cidadania portuguesa nos \u00faltimos dois anos. Agora, ambos vivem no pa\u00eds e fazem planos na Europa. Os dois fazem parte do grande n\u00famero de brasileiros [&hellip;]<\/p>\n","protected":false},"author":96,"featured_media":97709,"comment_status":"closed","ping_status":"closed","sticky":false,"template":"","format":"standard","meta":{"footnotes":""},"categories":[302,436,439],"tags":[],"class_list":["post-144741","post","type-post","status-publish","format-standard","has-post-thumbnail","hentry","category-brasil-mundo","category-destaque-da-semana","category-ultima-hora"],"_links":{"self":[{"href":"https:\/\/diarioregionaldigital.com.br\/index.php?rest_route=\/wp\/v2\/posts\/144741","targetHints":{"allow":["GET"]}}],"collection":[{"href":"https:\/\/diarioregionaldigital.com.br\/index.php?rest_route=\/wp\/v2\/posts"}],"about":[{"href":"https:\/\/diarioregionaldigital.com.br\/index.php?rest_route=\/wp\/v2\/types\/post"}],"author":[{"embeddable":true,"href":"https:\/\/diarioregionaldigital.com.br\/index.php?rest_route=\/wp\/v2\/users\/96"}],"replies":[{"embeddable":true,"href":"https:\/\/diarioregionaldigital.com.br\/index.php?rest_route=%2Fwp%2Fv2%2Fcomments&post=144741"}],"version-history":[{"count":0,"href":"https:\/\/diarioregionaldigital.com.br\/index.php?rest_route=\/wp\/v2\/posts\/144741\/revisions"}],"wp:featuredmedia":[{"embeddable":true,"href":"https:\/\/diarioregionaldigital.com.br\/index.php?rest_route=\/wp\/v2\/media\/97709"}],"wp:attachment":[{"href":"https:\/\/diarioregionaldigital.com.br\/index.php?rest_route=%2Fwp%2Fv2%2Fmedia&parent=144741"}],"wp:term":[{"taxonomy":"category","embeddable":true,"href":"https:\/\/diarioregionaldigital.com.br\/index.php?rest_route=%2Fwp%2Fv2%2Fcategories&post=144741"},{"taxonomy":"post_tag","embeddable":true,"href":"https:\/\/diarioregionaldigital.com.br\/index.php?rest_route=%2Fwp%2Fv2%2Ftags&post=144741"}],"curies":[{"name":"wp","href":"https:\/\/api.w.org\/{rel}","templated":true}]}}