{"id":144732,"date":"2019-07-26T08:49:35","date_gmt":"2019-07-26T11:49:35","guid":{"rendered":"https:\/\/diarioregionaldigital.com.br\/?p=144732"},"modified":"2019-07-26T08:49:35","modified_gmt":"2019-07-26T11:49:35","slug":"comunicadores-e-ambientalistas-sao-incluidos-em-programa-de-protecao","status":"publish","type":"post","link":"https:\/\/diarioregionaldigital.com.br\/?p=144732","title":{"rendered":"Comunicadores e ambientalistas s\u00e3o inclu\u00eddos em programa de prote\u00e7\u00e3o"},"content":{"rendered":"<p>O presidente Jair Bolsonaro editou um novo decreto para regulamentar o Programa de Prote\u00e7\u00e3o aos Defensores de Direitos Humanos, que agora passa a incluir na\u00a0nomenclatura oficial o atendimento a comunicadores e ambientalistas. O ato normativo foi publicado na edi\u00e7\u00e3o desta quinta-feira (25) do Di\u00e1rio Oficial da Uni\u00e3o e\u00a0revoga o decreto anterior, de 2016, assinado pela ent\u00e3o presidente Dilma Rousseff.<\/p>\n<p>Vinculado ao Minist\u00e9rio da Mulher, da Fam\u00edlia e dos Direitos Humanos, o agora renomeado Programa de Prote\u00e7\u00e3o aos Defensores de Direitos Humanos, Comunicadores e\u00a0Ambientalistas tem a finalidade de articular medidas para a prote\u00e7\u00e3o de pessoas amea\u00e7adas em decorr\u00eancia de sua atua\u00e7\u00e3o na defesa dos direitos humanos. A coopera\u00e7\u00e3o\u00a0entre Uni\u00e3o, estados e munic\u00edpios para a execu\u00e7\u00e3o do programa tamb\u00e9m est\u00e1 mantida na nova norma. O decreto mant\u00e9m ainda o Conselho Deliberativo do programa, com tr\u00eas\u00a0integrantes, sendo dois do Minist\u00e9rio da Mulher, da Fam\u00edlia e dos Direitos Humanos, entre os quais um ser\u00e1 o coordenador, e um da Secretaria Nacional de Seguran\u00e7a\u00a0P\u00fablica do Minist\u00e9rio da Justi\u00e7a e Seguran\u00e7a P\u00fablica. Eles dever\u00e3o se reunir a cada dois meses, de forma regular.<\/p>\n<p>Segundo o decreto, poder\u00e3o ser convidados ainda para integrar o Conselho Deliberativo do programa um representante do Minist\u00e9rio P\u00fablico Federal (MPF), um do Poder\u00a0Judici\u00e1rio e representantes do Poder Executivo federal cujas atribui\u00e7\u00f5es estejam relacionadas aos casos analisados no \u00e2mbito do colegiado. Na vers\u00e3o anterior do\u00a0decreto, n\u00e3o havia a previs\u00e3o de que outros integrantes do Poder Executivo pudessem fazer parte da composi\u00e7\u00e3o do conselho do programa.<\/p>\n<p>Al\u00e9m de formular, monitorar e avaliar a\u00e7\u00f5es do programa de prote\u00e7\u00e3o, o Conselho Deliberativo vai decidir sobre inclus\u00e3o ou desligamento de pessoas amea\u00e7adas, bem como\u00a0per\u00edodo de perman\u00eancia e estabelecimento do valor da ajuda financeira mensal para pagamento de despesas com aluguel, \u00e1gua, luz, alimenta\u00e7\u00e3o, deslocamento, vestu\u00e1rio,\u00a0rem\u00e9dios e outros, nos casos de acolhimento provis\u00f3rio de defensores dos direitos humanos. Pelo decreto, o conselho poder\u00e1 criar grupos de trabalho tem\u00e1ticos ou\u00a0comiss\u00f5es tempor\u00e1rias para a execu\u00e7\u00e3o das atribui\u00e7\u00f5es previstas. O trabalho tanto no conselho quanto nas comiss\u00f5es e grupos de trabalho ser\u00e1 considerado presta\u00e7\u00e3o de\u00a0servi\u00e7o p\u00fablico relevante e, portanto, n\u00e3o remunerada.<\/p>\n<p>Confira a\u00a0<a href=\"http:\/\/www.in.gov.br\/en\/web\/dou\/-\/decreto-n-9937-de-24-de-julho-de-2019-205251661\" target=\"_blank\" rel=\"noopener\">\u00edntegra do decreto<\/a>.<\/p>\n<p>Atualmente, segundo o governo federal, um total 528 defensores e defensoras de direitos humanos est\u00e3o inclu\u00eddos no programa de prote\u00e7\u00e3o, em todo Brasil. Dentre as\u00a0diversas \u00e1reas de milit\u00e2ncia dessas pessoas, est\u00e3o causas ind\u00edgenas, direito \u00e0 terra, direito de popula\u00e7\u00e3o LGBT (l\u00e9sbicas, gay, bissexuais, travestis e transexuais),\u00a0combate \u00e0 viol\u00eancia policial, combate \u00e0 corrup\u00e7\u00e3o, entre outros.<\/p>\n<p>Fonte: Ag\u00eancia Brasil<\/p>\n","protected":false},"excerpt":{"rendered":"<p>O presidente Jair Bolsonaro editou um novo decreto para regulamentar o Programa de Prote\u00e7\u00e3o aos Defensores de Direitos Humanos, que agora passa a incluir na\u00a0nomenclatura oficial o atendimento a comunicadores e ambientalistas. O ato normativo foi publicado na edi\u00e7\u00e3o desta quinta-feira (25) do Di\u00e1rio Oficial da Uni\u00e3o e\u00a0revoga o decreto anterior, de 2016, assinado pela [&hellip;]<\/p>\n","protected":false},"author":96,"featured_media":97343,"comment_status":"closed","ping_status":"closed","sticky":false,"template":"","format":"standard","meta":{"footnotes":""},"categories":[436,254,439],"tags":[],"class_list":["post-144732","post","type-post","status-publish","format-standard","has-post-thumbnail","hentry","category-destaque-da-semana","category-politica","category-ultima-hora"],"_links":{"self":[{"href":"https:\/\/diarioregionaldigital.com.br\/index.php?rest_route=\/wp\/v2\/posts\/144732","targetHints":{"allow":["GET"]}}],"collection":[{"href":"https:\/\/diarioregionaldigital.com.br\/index.php?rest_route=\/wp\/v2\/posts"}],"about":[{"href":"https:\/\/diarioregionaldigital.com.br\/index.php?rest_route=\/wp\/v2\/types\/post"}],"author":[{"embeddable":true,"href":"https:\/\/diarioregionaldigital.com.br\/index.php?rest_route=\/wp\/v2\/users\/96"}],"replies":[{"embeddable":true,"href":"https:\/\/diarioregionaldigital.com.br\/index.php?rest_route=%2Fwp%2Fv2%2Fcomments&post=144732"}],"version-history":[{"count":0,"href":"https:\/\/diarioregionaldigital.com.br\/index.php?rest_route=\/wp\/v2\/posts\/144732\/revisions"}],"wp:featuredmedia":[{"embeddable":true,"href":"https:\/\/diarioregionaldigital.com.br\/index.php?rest_route=\/wp\/v2\/media\/97343"}],"wp:attachment":[{"href":"https:\/\/diarioregionaldigital.com.br\/index.php?rest_route=%2Fwp%2Fv2%2Fmedia&parent=144732"}],"wp:term":[{"taxonomy":"category","embeddable":true,"href":"https:\/\/diarioregionaldigital.com.br\/index.php?rest_route=%2Fwp%2Fv2%2Fcategories&post=144732"},{"taxonomy":"post_tag","embeddable":true,"href":"https:\/\/diarioregionaldigital.com.br\/index.php?rest_route=%2Fwp%2Fv2%2Ftags&post=144732"}],"curies":[{"name":"wp","href":"https:\/\/api.w.org\/{rel}","templated":true}]}}