{"id":144726,"date":"2019-07-26T08:43:45","date_gmt":"2019-07-26T11:43:45","guid":{"rendered":"https:\/\/diarioregionaldigital.com.br\/?p=144726"},"modified":"2019-07-26T08:43:45","modified_gmt":"2019-07-26T11:43:45","slug":"em-live-bolsonaro-diz-que-pretende-extinguir-a-ancine","status":"publish","type":"post","link":"https:\/\/diarioregionaldigital.com.br\/?p=144726","title":{"rendered":"Em live, Bolsonaro diz que pretende extinguir a Ancine"},"content":{"rendered":"<p>O presidente Jair Bolsonaro falou nessa quinta-feira (25), durante\u00a0<em>live\u00a0<\/em>semanal no Facebook, que pretende extinguir a\u00a0Ag\u00eancia Nacional do Cinema (Ancine). Ele vem, desde a semana passada, citando que a\u00a0\u00a0ag\u00eancia\u00a0fomenta, com dinheiro p\u00fablico,\u00a0obras cinematogr\u00e1ficas que atentam contra a fam\u00edlia, e voltou a citar o caso do filme\u00a0<em>Bruna Surfistinha<\/em>, lan\u00e7ado em 2011. Na \u00e9poca, o filme recebeu cerca de R$ 4,3 milh\u00f5es em ren\u00fancia fiscal, segundo a Ancine, mas obteve bilheteria de R$ 20 milh\u00f5es e foi visto por mais de 2 milh\u00f5es de espectadores no cinema.<\/p>\n<p>&#8220;Vamos buscar a extin\u00e7\u00e3o da Ancine. N\u00e3o tem nada que o poder p\u00fablico tenha que se meter a fazer filme&#8221;, disse.<\/p>\n<p>Bolsonaro tamb\u00e9m disse ter solicitado que a Ancine recue na autoriza\u00e7\u00e3o dada para capta\u00e7\u00e3o de R$ 530 mil em isen\u00e7\u00e3o fiscal para a produ\u00e7\u00e3o do document\u00e1rio\u00a0<em>Nem Tudo se Desfaz<\/em>, do diretor Josias Te\u00f3filo, que trata dos acontecimentos que levaram \u00e0 elei\u00e7\u00e3o do presidente em 2018. O filme trata sobre\u00a0o crescimento da linha\u00a0conservadorista\u00a0no pa\u00eds desde as manifesta\u00e7\u00f5es de junho de 2013.<\/p>\n<p>&#8220;Recentemente tomei conhecimento sobre a libera\u00e7\u00e3o para capta\u00e7\u00e3o de R$ 530 mil via Ancine para produ\u00e7\u00e3o de um filme sobre minha campanha nas elei\u00e7\u00f5es. Por coer\u00eancia sugeri que voltassem atr\u00e1s nessa quest\u00e3o. N\u00e3o concordamos com o uso de dinheiro p\u00fablico tamb\u00e9m para estes fins&#8221;, escreveu o presidente em sua conta no Twitter.<\/p>\n<p>&nbsp;<\/p>\n<div class=\"SandboxRoot env-bp-350\" data-twitter-event-id=\"0\">\n<div id=\"twitter-widget-0\" class=\"EmbeddedTweet EmbeddedTweet--cta js-clickToOpenTarget\" lang=\"pt\" data-click-to-open-target=\"https:\/\/twitter.com\/jairbolsonaro\/status\/1154508275775344645\" data-iframe-title=\"Tweet do Twitter\" data-scribe=\"page:tweet\" data-twitter-event-id=\"1\">\n<div class=\"EmbeddedTweet-tweetContainer\">\n<div class=\"EmbeddedTweet-tweet\">\n<blockquote class=\"Tweet h-entry js-tweetIdInfo subject expanded\" cite=\"https:\/\/twitter.com\/jairbolsonaro\/status\/1154508275775344645\" data-tweet-id=\"1154508275775344645\" data-scribe=\"section:subject\">\n<div class=\"Tweet-header\"><a class=\"TweetAuthor-avatar  Identity-avatar u-linkBlend\" href=\"https:\/\/twitter.com\/jairbolsonaro\" data-scribe=\"element:user_link\" aria-label=\"Jair M. Bolsonaro (nome de tela: jairbolsonaro)\"><img decoding=\"async\" class=\"Avatar\" src=\"https:\/\/pbs.twimg.com\/profile_images\/1057631480459886595\/9VPdGJJz_normal.jpg\" alt=\"\" data-scribe=\"element:avatar\" data-src-2x=\"https:\/\/pbs.twimg.com\/profile_images\/1057631480459886595\/9VPdGJJz_bigger.jpg\" data-src-1x=\"https:\/\/pbs.twimg.com\/profile_images\/1057631480459886595\/9VPdGJJz_normal.jpg\" \/><\/a><\/p>\n<div class=\"TweetAuthor js-inViewportScribingTarget\" data-scribe=\"component:author\">\n<div class=\"TweetAuthor-nameScreenNameContainer\"><span class=\"TweetAuthor-decoratedName\"><span class=\"TweetAuthor-name Identity-name customisable-highlight\" title=\"Jair M. Bolsonaro\" data-scribe=\"element:name\">Jair M. Bolsonaro<\/span><\/span><\/p>\n<div class=\"Icon Icon--verified \" title=\"Conta Verificada\" role=\"img\" aria-label=\"Conta Verificada\"><\/div>\n<p><span class=\"TweetAuthor-decoratedName\"><span class=\"TweetAuthor-verifiedBadge\" data-scribe=\"element:verified_badge\"><b class=\"u-hiddenVisually\">&#x2714;<\/b><\/span><\/span><span class=\"TweetAuthor-screenName Identity-screenName\" dir=\"ltr\" title=\"@jairbolsonaro\" data-scribe=\"element:screen_name\">@jairbolsonaro<\/span><\/div>\n<\/div>\n<div class=\"Tweet-brand\">\n<div class=\"Icon Icon--twitter \" title=\"Ver no Twitter\" role=\"presentation\" aria-label=\"Ver no Twitter\"><\/div>\n<\/div>\n<\/div>\n<div class=\"Tweet-body e-entry-content\" data-scribe=\"component:tweet\">\n<div class=\"Tweet-target js-inViewportScribingTarget\"><\/div>\n<p class=\"Tweet-text e-entry-title\" dir=\"ltr\" lang=\"pt\">&#8211; Recentemente tomei conhecimento sobre a libera\u00e7\u00e3o para capta\u00e7\u00e3o de R$ 530 mil via Ancine para produ\u00e7\u00e3o de um filme sobre minha campanha nas elei\u00e7\u00f5es. Por coer\u00eancia sugeri que voltassem atr\u00e1s nessa quest\u00e3o. N\u00e3o concordamos com o uso de dinheiro p\u00fablico tamb\u00e9m para estes fins.<\/p>\n<div class=\"TweetInfo\">\n<div class=\"TweetInfo-like\">\n<div data-scribe=\"element:heart\">\n<div class=\"Icon Icon--heart \" title=\"Curtiu\" role=\"img\" aria-label=\"Curtiu\"><\/div>\n<\/div>\n<p><a class=\"TweetInfo-heart\" title=\"Curtiu\" href=\"https:\/\/twitter.com\/intent\/like?tweet_id=1154508275775344645\" data-scribe=\"component:actions\"><span class=\"TweetInfo-heartStat\" data-scribe=\"element:heart_count\">56,1\u00a0mil<\/span><\/a><\/div>\n<div class=\"TweetInfo-timeGeo\"><a class=\"u-linkBlend u-url customisable-highlight long-permalink\" href=\"https:\/\/twitter.com\/jairbolsonaro\/status\/1154508275775344645\" data-datetime=\"2019-07-25T21:46:37+0000\" data-scribe=\"element:full_timestamp\"><time class=\"dt-updated\" title=\"Hor\u00e1rio da publica\u00e7\u00e3o: 25 de julho de 2019 21:46:37 (UTC)\" datetime=\"2019-07-25T21:46:37+0000\">18:46 &#8211; 25 de jul de 2019<\/time><\/a><\/div>\n<div class=\"tweet-InformationCircle\" data-scribe=\"element:notice\"><a class=\"Icon Icon--informationCircleWhite js-inViewportScribingTarget\" title=\"Informa\u00e7\u00f5es e privacidade no Twitter Ads\" href=\"https:\/\/support.twitter.com\/articles\/20175256\"><span class=\"u-hiddenVisually\">Informa\u00e7\u00f5es e privacidade no Twitter Ads<\/span><\/a><\/div>\n<\/div>\n<\/div>\n<\/blockquote>\n<\/div>\n<div class=\"CallToAction-icon\" data-scribe=\"element:conversation_icon\">\n<div class=\"Icon Icon--replyCTA \" title=\"Ver a conversa no Twitter\" role=\"img\" aria-label=\"Ver a conversa no Twitter\"><\/div>\n<\/div>\n<div class=\"CallToAction-text\" data-scribe=\"element:conversation_text\">11,4\u00a0mil pessoas est\u00e3o falando sobre isso<\/div>\n<div class=\"CallToAction-chevron\" data-scribe=\"element:cta_chevron\">\n<div title=\"Ver no Twitter\" role=\"img\" aria-label=\"Ver no Twitter\"><\/div>\n<div class=\"Icon Icon--chevronRightCTA \" title=\"Ver no Twitter\" role=\"img\" aria-label=\"Ver no Twitter\"><span style=\"color: #565656; font-size: 15px;\">Durante a\u00a0<\/span><em style=\"color: #565656; font-size: 15px;\">live<\/em><span style=\"color: #565656; font-size: 15px;\">, ele voltou a tratar do assunto e refor\u00e7ou sua posi\u00e7\u00e3o que, segundo ele, n\u00e3o se trata de censura. &#8220;Deixo bem claro, quem no Brasil quiser fazer filme com Bruna Surfistinha, seja quem for, fique \u00e0 vontade. Isso, se n\u00f3s f\u00f4ssemos interferir, seria uma censura. O que n\u00f3s n\u00e3o podemos admitir e n\u00e3o queremos, \u00e9 esse tipo de filme, ou filme de pol\u00edtico, como o meu, [seja feito] com dinheiro p\u00fablico&#8221;, disse.\u00a0<\/span><\/div>\n<\/div>\n<\/div>\n<\/div>\n<\/div>\n<p>Umas das medidas em estudo no governo \u00e9 retirar da Ancine a\u00a0gest\u00e3o do Fundo Setorial do Audiovisual (FSA). Criado pela Lei n\u00ba 11.437\/2006, o FSA \u00e9 destinado ao desenvolvimento de toda a cadeia produtiva da atividade audiovisual no Brasil. O fundo contempla atividades associadas aos diversos segmentos, como produ\u00e7\u00e3o, distribui\u00e7\u00e3o, comercializa\u00e7\u00e3o, exibi\u00e7\u00e3o e infraestrutura de servi\u00e7os, por meio de investimentos, financiamentos, opera\u00e7\u00f5es de apoio e de equaliza\u00e7\u00e3o de encargos financeiros. O or\u00e7amento do FSA para este ano \u00e9 de R$ 724 milh\u00f5es. A eventual extin\u00e7\u00e3o da ag\u00eancia, no entanto, depender\u00e1 de aprova\u00e7\u00e3o pelo Congresso Nacional.<\/p>\n<h2>Conad<\/h2>\n<p>O presidente tamb\u00e9m rebateu as cr\u00edticas pela reestrutura\u00e7\u00e3o do Conselho Nacional de Pol\u00edticas sobre Drogas (Conad). Decreto publicado esta semana\u00a0extinguiu a participa\u00e7\u00e3o da sociedade civil\u00a0no \u00f3rg\u00e3o e a medida foi\u00a0criticada pelas organiza\u00e7\u00f5es.<\/p>\n<p>Segundo o presidente, a redu\u00e7\u00e3o do conselho vai dar mais agilidade ao seu funcionamento. &#8220;Um conselho menor, mais enxuto, mais seleto, temos condi\u00e7\u00f5es de discutir uma pol\u00edtica antidrogas que, realmente, seja boa para todos n\u00f3s, brasileiros&#8221;.<\/p>\n<h2>Caged<\/h2>\n<p>Jair Bolsonaro tamb\u00e9m comemorou o resultado da gera\u00e7\u00e3o de empregos no primeiro semestre. De acordo com os dados do Cadastro Geral de Empregados e Desempregados (Caged) divulgados nesta quinta-feira pelo Minist\u00e9rio da Economia, foram gerados 123.836 postos de trabalho, o melhor resultado para o m\u00eas em cinco anos. Nos primeiros seis meses do ano, o saldo positivo na gera\u00e7\u00e3o de empregos\u00a0soma 408.500 novas vagas.<\/p>\n<p>&#8220;\u00c9 sinal de que a economia vai reagindo&#8221;, disse o presidente. Ele ainda defendeu a reforma trabalhista, aprovada em 2016 durante o governo de Michel Temer, e disse que votou a favor da medida. &#8220;Se n\u00e3o tivesse sido aprovado isso l\u00e1 atr\u00e1s, com toda a certeza talvez tiv\u00e9ssemos uma recupera\u00e7\u00e3o muito menor&#8221;.<\/p>\n<p>Fonte: Ag\u00eancia Brasil<\/p>\n","protected":false},"excerpt":{"rendered":"<p>O presidente Jair Bolsonaro falou nessa quinta-feira (25), durante\u00a0live\u00a0semanal no Facebook, que pretende extinguir a\u00a0Ag\u00eancia Nacional do Cinema (Ancine). Ele vem, desde a semana passada, citando que a\u00a0\u00a0ag\u00eancia\u00a0fomenta, com dinheiro p\u00fablico,\u00a0obras cinematogr\u00e1ficas que atentam contra a fam\u00edlia, e voltou a citar o caso do filme\u00a0Bruna Surfistinha, lan\u00e7ado em 2011. Na \u00e9poca, o filme recebeu cerca [&hellip;]<\/p>\n","protected":false},"author":96,"featured_media":144728,"comment_status":"closed","ping_status":"closed","sticky":false,"template":"","format":"standard","meta":{"footnotes":""},"categories":[436,254,439],"tags":[],"class_list":["post-144726","post","type-post","status-publish","format-standard","has-post-thumbnail","hentry","category-destaque-da-semana","category-politica","category-ultima-hora"],"_links":{"self":[{"href":"https:\/\/diarioregionaldigital.com.br\/index.php?rest_route=\/wp\/v2\/posts\/144726","targetHints":{"allow":["GET"]}}],"collection":[{"href":"https:\/\/diarioregionaldigital.com.br\/index.php?rest_route=\/wp\/v2\/posts"}],"about":[{"href":"https:\/\/diarioregionaldigital.com.br\/index.php?rest_route=\/wp\/v2\/types\/post"}],"author":[{"embeddable":true,"href":"https:\/\/diarioregionaldigital.com.br\/index.php?rest_route=\/wp\/v2\/users\/96"}],"replies":[{"embeddable":true,"href":"https:\/\/diarioregionaldigital.com.br\/index.php?rest_route=%2Fwp%2Fv2%2Fcomments&post=144726"}],"version-history":[{"count":0,"href":"https:\/\/diarioregionaldigital.com.br\/index.php?rest_route=\/wp\/v2\/posts\/144726\/revisions"}],"wp:featuredmedia":[{"embeddable":true,"href":"https:\/\/diarioregionaldigital.com.br\/index.php?rest_route=\/wp\/v2\/media\/144728"}],"wp:attachment":[{"href":"https:\/\/diarioregionaldigital.com.br\/index.php?rest_route=%2Fwp%2Fv2%2Fmedia&parent=144726"}],"wp:term":[{"taxonomy":"category","embeddable":true,"href":"https:\/\/diarioregionaldigital.com.br\/index.php?rest_route=%2Fwp%2Fv2%2Fcategories&post=144726"},{"taxonomy":"post_tag","embeddable":true,"href":"https:\/\/diarioregionaldigital.com.br\/index.php?rest_route=%2Fwp%2Fv2%2Ftags&post=144726"}],"curies":[{"name":"wp","href":"https:\/\/api.w.org\/{rel}","templated":true}]}}