{"id":144721,"date":"2019-07-26T08:39:17","date_gmt":"2019-07-26T11:39:17","guid":{"rendered":"https:\/\/diarioregionaldigital.com.br\/?p=144721"},"modified":"2019-07-26T08:39:17","modified_gmt":"2019-07-26T11:39:17","slug":"decreto-que-cria-comite-de-monitoramento-do-mercado-de-gas-e-publicado","status":"publish","type":"post","link":"https:\/\/diarioregionaldigital.com.br\/?p=144721","title":{"rendered":"Decreto que cria comit\u00ea de monitoramento do mercado de g\u00e1s \u00e9 publicado"},"content":{"rendered":"<p>O governo federal publicou nessa quinta-feira (25) no\u00a0<em>Di\u00e1rio Oficial da Uni\u00e3o<\/em>\u00a0decreto criando o Comit\u00ea de Monitoramento da Abertura do Mercado de G\u00e1s Natural. Na ter\u00e7a-feira (23), o decreto foi assinado em solenidade no Pal\u00e1cio do Planalto, quando o\u00a0governo lan\u00e7ou o programa Novo Mercado de G\u00e1s, que tem por objetivo de estimular a competi\u00e7\u00e3o no setor.<\/p>\n<p>Caber\u00e1 ao comit\u00ea monitorar a implementa\u00e7\u00e3o das a\u00e7\u00f5es necess\u00e1rias \u00e0 abertura do mercado de g\u00e1s natural e propor ao Conselho Nacional de Pol\u00edtica Energ\u00e9tica (CNPE) eventuais medidas complementares.<\/p>\n<p>Integrar\u00e3o o comit\u00ea representantes dos minist\u00e9rios de Minas e Energia, Economia e Casa Civil, al\u00e9m da Ag\u00eancia Nacional de Petr\u00f3leo, G\u00e1s e Biocombust\u00edveis (ANP) e Conselho Administrativo de Defesa Econ\u00f4mica (Cade).<\/p>\n<p>De acordo com o decreto, o colegiado se reunir\u00e1 a cada dois meses ou extraordinariamente, sempre que convocado e ter\u00e1 ainda que elaborar relat\u00f3rios trimestrais sobre a evolu\u00e7\u00e3o das a\u00e7\u00f5es implementadas para a abertura do mercado de g\u00e1s no pa\u00eds.<\/p>\n<p>&nbsp;<\/p>\n<p>Fonte: Ag\u00eancia Brasil<\/p>\n","protected":false},"excerpt":{"rendered":"<p>O governo federal publicou nessa quinta-feira (25) no\u00a0Di\u00e1rio Oficial da Uni\u00e3o\u00a0decreto criando o Comit\u00ea de Monitoramento da Abertura do Mercado de G\u00e1s Natural. Na ter\u00e7a-feira (23), o decreto foi assinado em solenidade no Pal\u00e1cio do Planalto, quando o\u00a0governo lan\u00e7ou o programa Novo Mercado de G\u00e1s, que tem por objetivo de estimular a competi\u00e7\u00e3o no setor. [&hellip;]<\/p>\n","protected":false},"author":96,"featured_media":97343,"comment_status":"closed","ping_status":"closed","sticky":false,"template":"","format":"standard","meta":{"footnotes":""},"categories":[436,254,439],"tags":[],"class_list":["post-144721","post","type-post","status-publish","format-standard","has-post-thumbnail","hentry","category-destaque-da-semana","category-politica","category-ultima-hora"],"_links":{"self":[{"href":"https:\/\/diarioregionaldigital.com.br\/index.php?rest_route=\/wp\/v2\/posts\/144721","targetHints":{"allow":["GET"]}}],"collection":[{"href":"https:\/\/diarioregionaldigital.com.br\/index.php?rest_route=\/wp\/v2\/posts"}],"about":[{"href":"https:\/\/diarioregionaldigital.com.br\/index.php?rest_route=\/wp\/v2\/types\/post"}],"author":[{"embeddable":true,"href":"https:\/\/diarioregionaldigital.com.br\/index.php?rest_route=\/wp\/v2\/users\/96"}],"replies":[{"embeddable":true,"href":"https:\/\/diarioregionaldigital.com.br\/index.php?rest_route=%2Fwp%2Fv2%2Fcomments&post=144721"}],"version-history":[{"count":0,"href":"https:\/\/diarioregionaldigital.com.br\/index.php?rest_route=\/wp\/v2\/posts\/144721\/revisions"}],"wp:featuredmedia":[{"embeddable":true,"href":"https:\/\/diarioregionaldigital.com.br\/index.php?rest_route=\/wp\/v2\/media\/97343"}],"wp:attachment":[{"href":"https:\/\/diarioregionaldigital.com.br\/index.php?rest_route=%2Fwp%2Fv2%2Fmedia&parent=144721"}],"wp:term":[{"taxonomy":"category","embeddable":true,"href":"https:\/\/diarioregionaldigital.com.br\/index.php?rest_route=%2Fwp%2Fv2%2Fcategories&post=144721"},{"taxonomy":"post_tag","embeddable":true,"href":"https:\/\/diarioregionaldigital.com.br\/index.php?rest_route=%2Fwp%2Fv2%2Ftags&post=144721"}],"curies":[{"name":"wp","href":"https:\/\/api.w.org\/{rel}","templated":true}]}}