{"id":144706,"date":"2019-07-26T06:00:00","date_gmt":"2019-07-26T09:00:00","guid":{"rendered":"https:\/\/diarioregionaldigital.com.br\/?p=144706"},"modified":"2019-07-25T20:15:28","modified_gmt":"2019-07-25T23:15:28","slug":"o-poder-de-fazer-desta-vida-um-belo-jardim-2","status":"publish","type":"post","link":"https:\/\/diarioregionaldigital.com.br\/?p=144706","title":{"rendered":"O Poder de fazer desta vida um belo \u201cJardim\u201d"},"content":{"rendered":"<p style=\"text-align: center;\"><strong>O Poder de fazer desta vida um belo \u201cJardim\u201d<\/strong><\/p>\n<p style=\"text-align: center;\">Quem confia em si mesmo consegue fazer com que os outros confiem nele. \u00c9 imposs\u00edvel obter a confian\u00e7a dos outros sem ter, em primeiro lugar, confian\u00e7a em si mesmo. Quem confia em si mesmo n\u00e3o se deixa aniquilar por reveses e fracassos tempor\u00e1rios. Pelo contr\u00e1rio, a queda tempor\u00e1ria torna-o ainda mais forte. Mesmo quando se v\u00ea alvo de esc\u00e1rnios ou est\u00e1 cercado de inimigos, ele permanece firme e avan\u00e7a com determina\u00e7\u00e3o, fiel \u00e0quilo em que acredita. Aconte\u00e7a o que acontecer, a pessoa que confia em si mesmo jamais perde de vista a sua meta, o seu ideal.<br \/>\nA autoconfian\u00e7a precede a realidade e, destruindo os obst\u00e1culos que surgem na vida concreta, qual um possante buld\u00f4zer, vai construindo um mundo novo. Mesmo as pessoas dotadas de grande talento n\u00e3o conseguir\u00e3o realizar nenhuma obra importante se n\u00e3o tiverem autoconfian\u00e7a. E, inversamente, mesmo as pessoas desprovidas de talento conseguir\u00e3o arar o \u201csert\u00e3o da vida\u201d, como se fossem um trator, e transform\u00e1-lo num jardim verdejante, contanto que tenham autoconfian\u00e7a. Isto n\u00e3o \u00e9 mera ret\u00f3rica. nem fantasia.<br \/>\nTudo quanto existe foi criado pelo Verbo, e o Verbo \u00e9 Deus. O Verbo precede a exist\u00eancia humana, sendo que esta se manifesta segundo o Verbo. O Verbo (Deus) habita o interior do ser humano, constituindo a autoconfian\u00e7a. A autoconfian\u00e7a \u00e9 o Verbo de Deus que se aloja no ser humano e constitui uma \u201cpress\u00e3o interna\u201d t\u00e3o poderosa quanto a for\u00e7a eruptiva de um vulc\u00e3o. Assim como nada pode resistir \u00e0 tremenda for\u00e7a eruptiva do vulc\u00e3o, ningu\u00e9m pode resistir diante da firme determina\u00e7\u00e3o de uma pessoa que confia realmente em si mesma. Aonde ela for, todos colaborar\u00e3o, abrindo-lhe o caminho.<br \/>\nTornar vitoriosa ou n\u00e3o a vida que nos espera hoje depende unicamente do grau de autoconfian\u00e7a com que iniciamos o dia de hoje. Portanto, todas as manh\u00e3s devemos reservar-nos quinze minutos para a medita\u00e7\u00e3o, e mentalizar o seguinte:<\/p>\n<p style=\"text-align: center;\">Sou um ser extraordin\u00e1rio.<br \/>\nTodas as coisas que existem no c\u00e9u e na terra dirigem-se a mim e dizem:<br \/>\n\u201cTu \u00e9s extraordin\u00e1rio\u201d.<br \/>\nDiante de mim, os espinhos se afastam. E aonde quer que eu v\u00e1, o caminho se aplaina.<br \/>\nSou um ser extraordin\u00e1rio.<br \/>\nN\u00e3o me afetam as afli\u00e7\u00f5es mundanais, nem os sofrimentos.<br \/>\nPorque, sendo filho de Deus, sou um ser que transcende os sofrimentos e as afli\u00e7\u00f5es mundanas.<\/p>\n","protected":false},"excerpt":{"rendered":"<p>O Poder de fazer desta vida um belo \u201cJardim\u201d Quem confia em si mesmo consegue fazer com que os outros confiem nele. \u00c9 imposs\u00edvel obter a confian\u00e7a dos outros sem ter, em primeiro lugar, confian\u00e7a em si mesmo. Quem confia em si mesmo n\u00e3o se deixa aniquilar por reveses e fracassos tempor\u00e1rios. Pelo contr\u00e1rio, a [&hellip;]<\/p>\n","protected":false},"author":96,"featured_media":0,"comment_status":"closed","ping_status":"closed","sticky":false,"template":"","format":"standard","meta":{"footnotes":""},"categories":[263],"tags":[],"class_list":["post-144706","post","type-post","status-publish","format-standard","hentry","category-jane-aragao"],"_links":{"self":[{"href":"https:\/\/diarioregionaldigital.com.br\/index.php?rest_route=\/wp\/v2\/posts\/144706","targetHints":{"allow":["GET"]}}],"collection":[{"href":"https:\/\/diarioregionaldigital.com.br\/index.php?rest_route=\/wp\/v2\/posts"}],"about":[{"href":"https:\/\/diarioregionaldigital.com.br\/index.php?rest_route=\/wp\/v2\/types\/post"}],"author":[{"embeddable":true,"href":"https:\/\/diarioregionaldigital.com.br\/index.php?rest_route=\/wp\/v2\/users\/96"}],"replies":[{"embeddable":true,"href":"https:\/\/diarioregionaldigital.com.br\/index.php?rest_route=%2Fwp%2Fv2%2Fcomments&post=144706"}],"version-history":[{"count":0,"href":"https:\/\/diarioregionaldigital.com.br\/index.php?rest_route=\/wp\/v2\/posts\/144706\/revisions"}],"wp:attachment":[{"href":"https:\/\/diarioregionaldigital.com.br\/index.php?rest_route=%2Fwp%2Fv2%2Fmedia&parent=144706"}],"wp:term":[{"taxonomy":"category","embeddable":true,"href":"https:\/\/diarioregionaldigital.com.br\/index.php?rest_route=%2Fwp%2Fv2%2Fcategories&post=144706"},{"taxonomy":"post_tag","embeddable":true,"href":"https:\/\/diarioregionaldigital.com.br\/index.php?rest_route=%2Fwp%2Fv2%2Ftags&post=144706"}],"curies":[{"name":"wp","href":"https:\/\/api.w.org\/{rel}","templated":true}]}}