{"id":144704,"date":"2019-07-26T06:00:14","date_gmt":"2019-07-26T09:00:14","guid":{"rendered":"https:\/\/diarioregionaldigital.com.br\/?p=144704"},"modified":"2019-07-25T19:39:59","modified_gmt":"2019-07-25T22:39:59","slug":"prefeitura-municipal-de-tocantins-processo-no037-26-07-19","status":"publish","type":"post","link":"https:\/\/diarioregionaldigital.com.br\/?p=144704","title":{"rendered":"Prefeitura Municipal de Tocantins &#8211; Processo n\u00ba037 &#8211; 26\/07\/19"},"content":{"rendered":"<p style=\"text-align: center;\"><strong><u>TERMO DE RATIFICA\u00c7\u00c3O<\/u><\/strong><\/p>\n<p style=\"text-align: center;\"><strong>PROCESSO N\u00ba 037\/2019<\/strong><\/p>\n<p style=\"text-align: center;\"><strong>INEXIGIBILIDADE N\u00ba 001\/2019<\/strong><\/p>\n<p style=\"text-align: center;\"><strong>\u00a0<\/strong>O Prefeito Municipal de Tocantins, Estado de Minas Gerais, nos uso de suas atribui\u00e7\u00f5es legais e nos termos do artigo 26 da Lei de Licita\u00e7\u00f5es, RATIFICA o processo de inexigibilidade em refer\u00eancia, adotado para contrata\u00e7\u00e3o da empresa JOSE CARLOS MARQUES SOCIEDADE DE ADVOGADOS<strong>,\u00a0<\/strong>CNPJ 20.494.089\/0001-05 ao valor mensal de R$ 6.500,00 (seis mil e quinhentos reais) e\u00a0 global para 12 (doze) meses de R$ 78.000,00 (setenta e oito mil reais), cujo objeto \u00e9 a\u00a0contrata\u00e7\u00e3o de servi\u00e7os de assessoria jur\u00eddica e especializada a ser prestada por empresa que detenha especializa\u00e7\u00e3o, na \u00e1rea de licita\u00e7\u00f5es e contratos administrativos, bem como para a representa\u00e7\u00e3o processual em a\u00e7\u00f5es judiciais que tramitem em segunda inst\u00e2ncia e representa\u00e7\u00e3o em processos administrativos do Munic\u00edpio de Tocantins- MG junto ao Tribunal de Contas do Estado, com visita semanal,\u00a0<em>in loco<\/em>\u00a0na sede administrativa da Prefeitura Municipal de Tocantins-MG.<\/p>\n<p style=\"text-align: center;\">Tocantins (MG), 24 de julho de 2019.<strong>\u00a0<\/strong><\/p>\n<p style=\"text-align: center;\"><strong>_______________________________<\/strong><\/p>\n<p style=\"text-align: center;\"><strong>IEDER WASHINGTON DE OLIVEIRA<\/strong><\/p>\n<p style=\"text-align: center;\"><strong>\u00a0Prefeito Municipal<\/strong><\/p>\n","protected":false},"excerpt":{"rendered":"<p>TERMO DE RATIFICA\u00c7\u00c3O PROCESSO N\u00ba 037\/2019 INEXIGIBILIDADE N\u00ba 001\/2019 \u00a0O Prefeito Municipal de Tocantins, Estado de Minas Gerais, nos uso de suas atribui\u00e7\u00f5es legais e nos termos do artigo 26 da Lei de Licita\u00e7\u00f5es, RATIFICA o processo de inexigibilidade em refer\u00eancia, adotado para contrata\u00e7\u00e3o da empresa JOSE CARLOS MARQUES SOCIEDADE DE ADVOGADOS,\u00a0CNPJ 20.494.089\/0001-05 ao valor [&hellip;]<\/p>\n","protected":false},"author":96,"featured_media":0,"comment_status":"closed","ping_status":"closed","sticky":false,"template":"","format":"standard","meta":{"footnotes":""},"categories":[307],"tags":[],"class_list":["post-144704","post","type-post","status-publish","format-standard","hentry","category-editais"],"_links":{"self":[{"href":"https:\/\/diarioregionaldigital.com.br\/index.php?rest_route=\/wp\/v2\/posts\/144704","targetHints":{"allow":["GET"]}}],"collection":[{"href":"https:\/\/diarioregionaldigital.com.br\/index.php?rest_route=\/wp\/v2\/posts"}],"about":[{"href":"https:\/\/diarioregionaldigital.com.br\/index.php?rest_route=\/wp\/v2\/types\/post"}],"author":[{"embeddable":true,"href":"https:\/\/diarioregionaldigital.com.br\/index.php?rest_route=\/wp\/v2\/users\/96"}],"replies":[{"embeddable":true,"href":"https:\/\/diarioregionaldigital.com.br\/index.php?rest_route=%2Fwp%2Fv2%2Fcomments&post=144704"}],"version-history":[{"count":0,"href":"https:\/\/diarioregionaldigital.com.br\/index.php?rest_route=\/wp\/v2\/posts\/144704\/revisions"}],"wp:attachment":[{"href":"https:\/\/diarioregionaldigital.com.br\/index.php?rest_route=%2Fwp%2Fv2%2Fmedia&parent=144704"}],"wp:term":[{"taxonomy":"category","embeddable":true,"href":"https:\/\/diarioregionaldigital.com.br\/index.php?rest_route=%2Fwp%2Fv2%2Fcategories&post=144704"},{"taxonomy":"post_tag","embeddable":true,"href":"https:\/\/diarioregionaldigital.com.br\/index.php?rest_route=%2Fwp%2Fv2%2Ftags&post=144704"}],"curies":[{"name":"wp","href":"https:\/\/api.w.org\/{rel}","templated":true}]}}