{"id":144701,"date":"2019-07-26T06:00:12","date_gmt":"2019-07-26T09:00:12","guid":{"rendered":"https:\/\/diarioregionaldigital.com.br\/?p=144701"},"modified":"2019-07-25T19:37:56","modified_gmt":"2019-07-25T22:37:56","slug":"prefeitura-municipal-de-descoberto-pregao-no-018-26-07-19","status":"publish","type":"post","link":"https:\/\/diarioregionaldigital.com.br\/?p=144701","title":{"rendered":"Prefeitura Municipal de Descoberto &#8211; Preg\u00e3o n\u00ba 018 &#8211; 26\/07\/19"},"content":{"rendered":"<p style=\"text-align: center;\"><strong>EXTRATO DE CONTRATO<\/strong><\/p>\n<p style=\"text-align: center;\">Pref. Municipal de Descoberto x Jos\u00e9 Marques Giello &#8211; Objeto: Fornecimento de botij\u00e3o de g\u00e1s para diversos setores da Prefeitura- Fundamento: Preg\u00e3o n\u00ba 018\/2019 \u2013 Valor Global: 38.240,00 \u2013 Vig\u00eancia: 12 meses &#8211; Dot or\u00e7: 02.04002.12.361.0003.255-339030\/100- 02.02000.04.122.0002.218-339030\/100- 02.04002.12.365.0003.260-339030\/100- 02.06000.15.122.0002.202-339030\/100- 02.09000.18.541.0013.242-339030\/100- 02.04002.12.365.0003.260-339030\/100- 02.05001.10.122.0002.284.339030\/102- 02.08000.08.244.0012.237-339030\/100- 02.04001.12.122.0002.233-339030\/100- 02.08000.08.244.0013.236-339032\/129 -Ass: 25\/07\/2019 \u00a0&#8211; Foro: S\u00e3o Jo\u00e3o Nepomuceno\/MG.<\/p>\n<p style=\"text-align: center;\">Marcos de Ara\u00fajo Lima<\/p>\n<p style=\"text-align: center;\">Prefeito Municipal<\/p>\n","protected":false},"excerpt":{"rendered":"<p>EXTRATO DE CONTRATO Pref. Municipal de Descoberto x Jos\u00e9 Marques Giello &#8211; Objeto: Fornecimento de botij\u00e3o de g\u00e1s para diversos setores da Prefeitura- Fundamento: Preg\u00e3o n\u00ba 018\/2019 \u2013 Valor Global: 38.240,00 \u2013 Vig\u00eancia: 12 meses &#8211; Dot or\u00e7: 02.04002.12.361.0003.255-339030\/100- 02.02000.04.122.0002.218-339030\/100- 02.04002.12.365.0003.260-339030\/100- 02.06000.15.122.0002.202-339030\/100- 02.09000.18.541.0013.242-339030\/100- 02.04002.12.365.0003.260-339030\/100- 02.05001.10.122.0002.284.339030\/102- 02.08000.08.244.0012.237-339030\/100- 02.04001.12.122.0002.233-339030\/100- 02.08000.08.244.0013.236-339032\/129 -Ass: 25\/07\/2019 \u00a0&#8211; Foro: S\u00e3o Jo\u00e3o Nepomuceno\/MG. [&hellip;]<\/p>\n","protected":false},"author":96,"featured_media":0,"comment_status":"closed","ping_status":"closed","sticky":false,"template":"","format":"standard","meta":{"footnotes":""},"categories":[307],"tags":[],"class_list":["post-144701","post","type-post","status-publish","format-standard","hentry","category-editais"],"_links":{"self":[{"href":"https:\/\/diarioregionaldigital.com.br\/index.php?rest_route=\/wp\/v2\/posts\/144701","targetHints":{"allow":["GET"]}}],"collection":[{"href":"https:\/\/diarioregionaldigital.com.br\/index.php?rest_route=\/wp\/v2\/posts"}],"about":[{"href":"https:\/\/diarioregionaldigital.com.br\/index.php?rest_route=\/wp\/v2\/types\/post"}],"author":[{"embeddable":true,"href":"https:\/\/diarioregionaldigital.com.br\/index.php?rest_route=\/wp\/v2\/users\/96"}],"replies":[{"embeddable":true,"href":"https:\/\/diarioregionaldigital.com.br\/index.php?rest_route=%2Fwp%2Fv2%2Fcomments&post=144701"}],"version-history":[{"count":0,"href":"https:\/\/diarioregionaldigital.com.br\/index.php?rest_route=\/wp\/v2\/posts\/144701\/revisions"}],"wp:attachment":[{"href":"https:\/\/diarioregionaldigital.com.br\/index.php?rest_route=%2Fwp%2Fv2%2Fmedia&parent=144701"}],"wp:term":[{"taxonomy":"category","embeddable":true,"href":"https:\/\/diarioregionaldigital.com.br\/index.php?rest_route=%2Fwp%2Fv2%2Fcategories&post=144701"},{"taxonomy":"post_tag","embeddable":true,"href":"https:\/\/diarioregionaldigital.com.br\/index.php?rest_route=%2Fwp%2Fv2%2Ftags&post=144701"}],"curies":[{"name":"wp","href":"https:\/\/api.w.org\/{rel}","templated":true}]}}