{"id":144694,"date":"2019-07-28T06:00:28","date_gmt":"2019-07-28T09:00:28","guid":{"rendered":"https:\/\/diarioregionaldigital.com.br\/?p=144694"},"modified":"2019-07-25T19:33:40","modified_gmt":"2019-07-25T22:33:40","slug":"saia-do-vermelho-camara-de-juiz-de-fora-lanca-campanha-em-parceria-com-a-caixa-para-cidadaos-inadimplentes-negociarem-dividas","status":"publish","type":"post","link":"https:\/\/diarioregionaldigital.com.br\/?p=144694","title":{"rendered":"\u201cSAIA DO VERMELHO\u201d: C\u00e2mara de Juiz de Fora lan\u00e7a campanha em parceria com a Caixa para cidad\u00e3os inadimplentes negociarem d\u00edvidas"},"content":{"rendered":"<p>A C\u00e2mara Municipal de Juiz de Fora anunciou a campanha \u201cSaia do Vermelho\u201d, em parceria com Caixa Econ\u00f4mica Federal (CEF). O objetivo \u00e9 ajudar os cidad\u00e3os juiz-foranos em d\u00edvida com a Caixa a negociarem seus d\u00e9bitos em condi\u00e7\u00f5es especiais.<\/p>\n<p>De acordo com a Casa, a parceria entre o poder Legislativo Municipal e a CEF prev\u00ea a renegocia\u00e7\u00e3o de d\u00edvidas, em at\u00e9 96 parcelas, com juros de 1,48% a 2,40%. Al\u00e9m disso, h\u00e1 ainda a possibilidade de regulariza\u00e7\u00e3o das d\u00edvidas com mais de um ano, cujos descontos variam de 60% a 90% para pagamento em parcela \u00fanica.<\/p>\n<p>Conforme as informa\u00e7\u00f5es, a a\u00e7\u00e3o acontecer\u00e1 na sede do Legislativo e ter\u00e1 in\u00edcio nesta segunda-feira, 29, e vai durar at\u00e9 o pr\u00f3ximo dia 2 de agosto. A distribui\u00e7\u00e3o de senhas para o atendimento ocorre das 13h \u00e0s 17h. A expectativa da CEF \u00e9 que aproximadamente 15 mil contratos sejam renegociados ou quitados, o que representa 10.575 CPFs.<\/p>\n<p>Ainda de acordo com a assessoria da C\u00e2mara, o boleto inicial das d\u00edvidas parceladas e o de pagamento \u00fanico de quita\u00e7\u00e3o da d\u00edvida ter\u00e3o validade at\u00e9 o final de agosto. As condi\u00e7\u00f5es especiais das duas formas de renegocia\u00e7\u00e3o n\u00e3o s\u00e3o v\u00e1lidas para d\u00edvidas dos contratos de financiamentos habitacionais.<\/p>\n<p>&nbsp;<\/p>\n","protected":false},"excerpt":{"rendered":"<p>A C\u00e2mara Municipal de Juiz de Fora anunciou a campanha \u201cSaia do Vermelho\u201d, em parceria com Caixa Econ\u00f4mica Federal (CEF). O objetivo \u00e9 ajudar os cidad\u00e3os juiz-foranos em d\u00edvida com a Caixa a negociarem seus d\u00e9bitos em condi\u00e7\u00f5es especiais. De acordo com a Casa, a parceria entre o poder Legislativo Municipal e a CEF prev\u00ea [&hellip;]<\/p>\n","protected":false},"author":96,"featured_media":144695,"comment_status":"closed","ping_status":"closed","sticky":false,"template":"","format":"standard","meta":{"footnotes":""},"categories":[253,436,440,439],"tags":[],"class_list":["post-144694","post","type-post","status-publish","format-standard","has-post-thumbnail","hentry","category-cidade","category-destaque-da-semana","category-destaques-do-dia","category-ultima-hora"],"_links":{"self":[{"href":"https:\/\/diarioregionaldigital.com.br\/index.php?rest_route=\/wp\/v2\/posts\/144694","targetHints":{"allow":["GET"]}}],"collection":[{"href":"https:\/\/diarioregionaldigital.com.br\/index.php?rest_route=\/wp\/v2\/posts"}],"about":[{"href":"https:\/\/diarioregionaldigital.com.br\/index.php?rest_route=\/wp\/v2\/types\/post"}],"author":[{"embeddable":true,"href":"https:\/\/diarioregionaldigital.com.br\/index.php?rest_route=\/wp\/v2\/users\/96"}],"replies":[{"embeddable":true,"href":"https:\/\/diarioregionaldigital.com.br\/index.php?rest_route=%2Fwp%2Fv2%2Fcomments&post=144694"}],"version-history":[{"count":0,"href":"https:\/\/diarioregionaldigital.com.br\/index.php?rest_route=\/wp\/v2\/posts\/144694\/revisions"}],"wp:featuredmedia":[{"embeddable":true,"href":"https:\/\/diarioregionaldigital.com.br\/index.php?rest_route=\/wp\/v2\/media\/144695"}],"wp:attachment":[{"href":"https:\/\/diarioregionaldigital.com.br\/index.php?rest_route=%2Fwp%2Fv2%2Fmedia&parent=144694"}],"wp:term":[{"taxonomy":"category","embeddable":true,"href":"https:\/\/diarioregionaldigital.com.br\/index.php?rest_route=%2Fwp%2Fv2%2Fcategories&post=144694"},{"taxonomy":"post_tag","embeddable":true,"href":"https:\/\/diarioregionaldigital.com.br\/index.php?rest_route=%2Fwp%2Fv2%2Ftags&post=144694"}],"curies":[{"name":"wp","href":"https:\/\/api.w.org\/{rel}","templated":true}]}}