{"id":144692,"date":"2019-07-28T05:59:33","date_gmt":"2019-07-28T08:59:33","guid":{"rendered":"https:\/\/diarioregionaldigital.com.br\/?p=144692"},"modified":"2019-07-25T19:37:33","modified_gmt":"2019-07-25T22:37:33","slug":"populacao-tem-ate-o-final-do-mes-para-escolher-o-local-do-bem-comum-bairros","status":"publish","type":"post","link":"https:\/\/diarioregionaldigital.com.br\/?p=144692","title":{"rendered":"Popula\u00e7\u00e3o tem at\u00e9 o final do m\u00eas para escolher o local do \u201cBem Comum Bairros\u201d"},"content":{"rendered":"<p>Os juiz-foranos t\u00eam at\u00e9 a pr\u00f3xima quarta-feira, 31, para escolher onde ser\u00e1 a terceira edi\u00e7\u00e3o do \u201cBem Comum Bairros\u201d de 2019. A popula\u00e7\u00e3o pode decidir entre os bairros Santo Ant\u00f4nio (regi\u00e3o sudeste), Alto Graja\u00fa, Bom Jardim e Tr\u00eas Moinhos (leste), para receber diversas atividades e servi\u00e7os gratuitos entre 19 e 24 de agosto. A enquete estar\u00e1 dispon\u00edvel no aplicativo Colab at\u00e9 o \u00faltimo dia deste m\u00eas.<\/p>\n<p>A vota\u00e7\u00e3o deve ser feita pela internet, pelos dispositivos m\u00f3veis ou computadores, baixando o aplicativo\u00a0<a href=\"https:\/\/app.colab.re\/BR\/MG\/JuizdeFora\">Colab<\/a>\u00a0no celular ou tablet, de forma gratuita. Outra op\u00e7\u00e3o \u00e9 acessar pelo computador, por meio do site\u00a0<a href=\"https:\/\/www.colab.re\/\">www.colab.re\u00a0<\/a>, e fazer login pelo facebook, e-mail ou Cadastro de Pessoa F\u00edsica (CPF).<\/p>\n<p>A a\u00e7\u00e3o \u00e9 uma iniciativa da Prefeitura de Juiz de Fora (PJF) atrav\u00e9s da Secretaria de Comunica\u00e7\u00e3o P\u00fablica (Secom). O \u201cBem Comum Bairros\u201d busca chegar a todos os cantos da cidade, levando servi\u00e7os de diversas pastas da PJF, al\u00e9m da inclus\u00e3o de parceiros, para proporcionar uma semana de atividades mais pr\u00f3xima da comunidade.<\/p>\n<p>Conforme a PJF, em todos os bairros dispon\u00edveis nesta enquete moram fam\u00edlias em situa\u00e7\u00e3o de vulnerabilidade social, acompanhadas pela Secretaria de Desenvolvimento Social (SDS), atrav\u00e9s do Cadastro \u00danico do Governo federal.<\/p>\n<p>&nbsp;<\/p>\n<p><strong>Colab<\/strong><\/p>\n<p>A ado\u00e7\u00e3o do Colab pela Prefeitura \u00e9 uma a\u00e7\u00e3o do \u201cGest\u00e3o Inteligente\u201d, nome adotado na cidade no \u201cJuntos pelo Desenvolvimento Sustent\u00e1vel\u201d, programa liderado pela Comunitas e presente em mais de dez cidades no pa\u00eds. O objetivo \u00e9 a melhoria constante na presta\u00e7\u00e3o dos servi\u00e7os p\u00fablicos.<\/p>\n","protected":false},"excerpt":{"rendered":"<p>Os juiz-foranos t\u00eam at\u00e9 a pr\u00f3xima quarta-feira, 31, para escolher onde ser\u00e1 a terceira edi\u00e7\u00e3o do \u201cBem Comum Bairros\u201d de 2019. A popula\u00e7\u00e3o pode decidir entre os bairros Santo Ant\u00f4nio (regi\u00e3o sudeste), Alto Graja\u00fa, Bom Jardim e Tr\u00eas Moinhos (leste), para receber diversas atividades e servi\u00e7os gratuitos entre 19 e 24 de agosto. A enquete [&hellip;]<\/p>\n","protected":false},"author":96,"featured_media":144697,"comment_status":"closed","ping_status":"closed","sticky":false,"template":"","format":"standard","meta":{"footnotes":""},"categories":[253,436,440,439],"tags":[],"class_list":["post-144692","post","type-post","status-publish","format-standard","has-post-thumbnail","hentry","category-cidade","category-destaque-da-semana","category-destaques-do-dia","category-ultima-hora"],"_links":{"self":[{"href":"https:\/\/diarioregionaldigital.com.br\/index.php?rest_route=\/wp\/v2\/posts\/144692","targetHints":{"allow":["GET"]}}],"collection":[{"href":"https:\/\/diarioregionaldigital.com.br\/index.php?rest_route=\/wp\/v2\/posts"}],"about":[{"href":"https:\/\/diarioregionaldigital.com.br\/index.php?rest_route=\/wp\/v2\/types\/post"}],"author":[{"embeddable":true,"href":"https:\/\/diarioregionaldigital.com.br\/index.php?rest_route=\/wp\/v2\/users\/96"}],"replies":[{"embeddable":true,"href":"https:\/\/diarioregionaldigital.com.br\/index.php?rest_route=%2Fwp%2Fv2%2Fcomments&post=144692"}],"version-history":[{"count":0,"href":"https:\/\/diarioregionaldigital.com.br\/index.php?rest_route=\/wp\/v2\/posts\/144692\/revisions"}],"wp:featuredmedia":[{"embeddable":true,"href":"https:\/\/diarioregionaldigital.com.br\/index.php?rest_route=\/wp\/v2\/media\/144697"}],"wp:attachment":[{"href":"https:\/\/diarioregionaldigital.com.br\/index.php?rest_route=%2Fwp%2Fv2%2Fmedia&parent=144692"}],"wp:term":[{"taxonomy":"category","embeddable":true,"href":"https:\/\/diarioregionaldigital.com.br\/index.php?rest_route=%2Fwp%2Fv2%2Fcategories&post=144692"},{"taxonomy":"post_tag","embeddable":true,"href":"https:\/\/diarioregionaldigital.com.br\/index.php?rest_route=%2Fwp%2Fv2%2Ftags&post=144692"}],"curies":[{"name":"wp","href":"https:\/\/api.w.org\/{rel}","templated":true}]}}