{"id":144686,"date":"2019-07-28T06:00:48","date_gmt":"2019-07-28T09:00:48","guid":{"rendered":"https:\/\/diarioregionaldigital.com.br\/?p=144686"},"modified":"2019-07-25T19:29:10","modified_gmt":"2019-07-25T22:29:10","slug":"meu-encontro-com-a-lua","status":"publish","type":"post","link":"https:\/\/diarioregionaldigital.com.br\/?p=144686","title":{"rendered":"MEU ENCONTRO COM A LUA"},"content":{"rendered":"<p>Houve, no mundo inteiro, comemora\u00e7\u00f5es pelo primeiro cinquenten\u00e1rio da descida do homem na Lua. A descida da Apollo 11 \u00a0aconteceu em julho de 1969 e a\u00a0 televis\u00e3o comemorou condignamente o fato.\u00a0 Na ocasi\u00e3o, aos 33 anos de idade, participei da transmiss\u00e3o, ao lado de Cid Moreira,\u00a0 Armando Nogueira e Rubens Amaral, numa das primeiras reportagens internacionais\u00a0 da TV Globo, antes mesmo de ir para o ar o famos\u00edssimo Jornal Nacional.<\/p>\n<p>Lembro da descida de Neil Armstrong do sat\u00e9lite.\u00a0 A transmiss\u00e3o foi acompanhada por 600 milh\u00f5es de pessoas, quando a Terra tinha apenas 3,6 bilh\u00f5es de habitantes.\u00a0 Criada pela empresa norte-americana Westinghouse, a c\u00e2mera SEC Vidicon transmitiu os primeiros passos de Armstrong e os saltos curiosos de canguru de Aldrin, at\u00e9 a fixa\u00e7\u00e3o da bandeira norte-americana no solo vulc\u00e2nico da\u00a0 Lua.\u00a0 A Globo fazia sucesso com o emprego do sat\u00e9lite Intelsat III e gra\u00e7as a ele unia o pa\u00eds, numa integra\u00e7\u00e3o in\u00e9dita.<\/p>\n<p>Algu\u00e9m perguntar\u00e1 a raz\u00e3o de ter sido chamado para esse momento hist\u00f3rico.\u00a0 Na ocasi\u00e3o, era o Secret\u00e1rio de Estado de Ci\u00eancia e Tecnologia da Guanabara (o primeiro do pa\u00eds) e supostamente tinha os conhecimentos necess\u00e1rios para dar os esclarecimentos exigidos, at\u00e9 porque estava construindo na G\u00e1vea o primeiro Planet\u00e1rio do Rio de Janeiro, hoje em pleno funcionamento.\u00a0 Trata-se de um Zeiss Jena de primeira qualidade, cedido pelo MEC \u00e0 SCT, e que tinha o valor de 250 mil d\u00f3lares.\u00a0 Foi trocado por caf\u00e9, numa opera\u00e7\u00e3o conhecida como d\u00f3lar-conv\u00eanio.\u00a0 O dinheiro para a constru\u00e7\u00e3o foi obtido pelo governador Negr\u00e3o de Lima, que ficou feliz com a opera\u00e7\u00e3o por mim conduzida.<\/p>\n<p>O procedimento de descida n\u00e3o foi propriamente tranquilo.\u00a0 O \u201cEagle\u201d, com Armstrong e Aldrin\u00a0 a bordo, se desacoplou do m\u00f3dulo de comando e servi\u00e7o \u201cCol\u00fambia\u201d, orbitando a Lua e deixando o astronauta Michael Collins sozinho, a cerca de 110 km de altitude.\u00a0 O \u201cEagle\u201d disparou seu motor para frear e acentuou sua descida at\u00e9 a Lua com a ajuda da gravidade lunar, como havia sido treinado na Apollo 10.<\/p>\n<p>Mas na etapa final da descida houve novidades.\u00a0 O terreno sob a nave estava passando mais r\u00e1pido do que deveria.\u00a0 O computador da nave assinalava falhas, mas tudo estava verde para o pouso, com o pacote de instrumentos (sism\u00f3grafo, coletor de vento solar, retrorrefletor para rebater raios laser etc).\u00a0 S\u00f3 que o pouso deveria ser em outro lugar, pois o previsto anteriormente estava numa regi\u00e3o perigosamente vulc\u00e2nica.\u00a0 Assim se procurou um local mais seguro, onde se fez o pouso.\u00a0 A vit\u00f3ria era de toda a humanidade, representada por 73 l\u00edderes mundiais e um broche com um ramo de oliveira, s\u00edmbolo da paz.<\/p>\n<p>A emo\u00e7\u00e3o tomou conta do mundo e n\u00e3o era para\u00a0 menos.\u00a0 Foi o come\u00e7o de uma epopeia, liderada pelos cientistas norte-americanos, que depois seria seguida por russos e chineses.\u00a0 Com a esta\u00e7\u00e3o prevista para a \u00f3rbita lunar pode-se esperar para este s\u00e9culo a conquista de Marte.<\/p>\n<p>&nbsp;<\/p>\n","protected":false},"excerpt":{"rendered":"<p>Houve, no mundo inteiro, comemora\u00e7\u00f5es pelo primeiro cinquenten\u00e1rio da descida do homem na Lua. A descida da Apollo 11 \u00a0aconteceu em julho de 1969 e a\u00a0 televis\u00e3o comemorou condignamente o fato.\u00a0 Na ocasi\u00e3o, aos 33 anos de idade, participei da transmiss\u00e3o, ao lado de Cid Moreira,\u00a0 Armando Nogueira e Rubens Amaral, numa das primeiras reportagens [&hellip;]<\/p>\n","protected":false},"author":96,"featured_media":96753,"comment_status":"closed","ping_status":"closed","sticky":false,"template":"","format":"standard","meta":{"footnotes":""},"categories":[275,435,439],"tags":[],"class_list":["post-144686","post","type-post","status-publish","format-standard","has-post-thumbnail","hentry","category-arnaldo-niskier","category-colunas","category-ultima-hora"],"_links":{"self":[{"href":"https:\/\/diarioregionaldigital.com.br\/index.php?rest_route=\/wp\/v2\/posts\/144686","targetHints":{"allow":["GET"]}}],"collection":[{"href":"https:\/\/diarioregionaldigital.com.br\/index.php?rest_route=\/wp\/v2\/posts"}],"about":[{"href":"https:\/\/diarioregionaldigital.com.br\/index.php?rest_route=\/wp\/v2\/types\/post"}],"author":[{"embeddable":true,"href":"https:\/\/diarioregionaldigital.com.br\/index.php?rest_route=\/wp\/v2\/users\/96"}],"replies":[{"embeddable":true,"href":"https:\/\/diarioregionaldigital.com.br\/index.php?rest_route=%2Fwp%2Fv2%2Fcomments&post=144686"}],"version-history":[{"count":0,"href":"https:\/\/diarioregionaldigital.com.br\/index.php?rest_route=\/wp\/v2\/posts\/144686\/revisions"}],"wp:featuredmedia":[{"embeddable":true,"href":"https:\/\/diarioregionaldigital.com.br\/index.php?rest_route=\/wp\/v2\/media\/96753"}],"wp:attachment":[{"href":"https:\/\/diarioregionaldigital.com.br\/index.php?rest_route=%2Fwp%2Fv2%2Fmedia&parent=144686"}],"wp:term":[{"taxonomy":"category","embeddable":true,"href":"https:\/\/diarioregionaldigital.com.br\/index.php?rest_route=%2Fwp%2Fv2%2Fcategories&post=144686"},{"taxonomy":"post_tag","embeddable":true,"href":"https:\/\/diarioregionaldigital.com.br\/index.php?rest_route=%2Fwp%2Fv2%2Ftags&post=144686"}],"curies":[{"name":"wp","href":"https:\/\/api.w.org\/{rel}","templated":true}]}}