{"id":144684,"date":"2019-07-28T06:00:04","date_gmt":"2019-07-28T09:00:04","guid":{"rendered":"https:\/\/diarioregionaldigital.com.br\/?p=144684"},"modified":"2019-07-25T19:27:02","modified_gmt":"2019-07-25T22:27:02","slug":"o-tempo-acaba-sendo-secundario","status":"publish","type":"post","link":"https:\/\/diarioregionaldigital.com.br\/?p=144684","title":{"rendered":"O tempo acaba sendo secund\u00e1rio"},"content":{"rendered":"<p>&nbsp;<\/p>\n<p>Quando colocamos toda a nossa energia no que estamos fazendo, somos mais produtivos e o tempo rende.<\/p>\n<p>A energia se transforma em produtividade quando nossos aspectos f\u00edsico, mental, emocional e espiritual interagem sinergicamente. Nesse processo, um alimenta o outro e, como resultado, temos energia o bastante para ter tempo de sobra.<\/p>\n<p>A menos que tenhamos sa\u00fade f\u00edsica, estabilidade emocional, concentra\u00e7\u00e3o mental e um prop\u00f3sito maior que a mera realiza\u00e7\u00e3o das tarefas do dia-a-dia, n\u00e3o conseguiremos realiz\u00e1-las, por mais que tenhamos tempo para isso: nos faltar\u00e1 energia!<\/p>\n<h3>Quantidade <em>versus<\/em> qualidade energ\u00e9tica<\/h3>\n<p>A quantidade de energia f\u00edsica (alta ou baixa) e a qualidade da energia emocional (negativa ou positiva) respondem diretamente pela forma como enfrentamos as tarefas di\u00e1rias, independentemente de tempo.<\/p>\n<p>Uma pessoa revigorada pode realizar determinada tarefa em dez minutos, enquanto uma deprimida pode necessitar de dez horas e, ainda assim, n\u00e3o a realizar!<\/p>\n<h3>Grandes realiza\u00e7\u00f5es<\/h3>\n<p>O modo como encaramos o dia-a-dia \u00e9 determinado pela intera\u00e7\u00e3o da energia f\u00edsica com a emocional. Mas se quisermos partir para realiza\u00e7\u00f5es relevantes, precisaremos de energia e, tamb\u00e9m, de talento, compet\u00eancia e vontade.<\/p>\n<p>Nenhuma grande realiza\u00e7\u00e3o acontece sem energia. Mas energia, apenas, n\u00e3o adianta.<\/p>\n<p>Forma-se, ent\u00e3o, uma nova cadeia interativa, tendo a energia como ponto central. Nessa cadeia, a energia \u00e9 necess\u00e1ria para que um talento se desenvolva e se transforme em compet\u00eancia, desde que haja vontade. Ou seja: sem energia, a compet\u00eancia n\u00e3o se desenvolve, por mais que a pessoa tenha talento e vontade.<\/p>\n<p>O desenvolvimento de uma compet\u00eancia requer esfor\u00e7o. Esfor\u00e7o envolve energia. E tempo nenhum adianta se n\u00e3o houver esse conjunto de for\u00e7as em a\u00e7\u00e3o.<\/p>\n<p>&nbsp;<\/p>\n<h2>Procrastina\u00e7\u00e3o: deixar para amanh\u00e3 o que deveria ser feito hoje.<\/h2>\n<p>Agora que voc\u00ea j\u00e1 sabe que quando falamos em tempo estamos falando tamb\u00e9m de energia, fica mais f\u00e1cil compreender os motivos da procrastina\u00e7\u00e3o, considerada a grande vil\u00e3 em mat\u00e9ria de gerenciamento de tempo.<\/p>\n<p>Ent\u00e3o, em vez de procurar t\u00e9cnicas mirabolantes para combater a procrastina\u00e7\u00e3o, antes de mais nada, identifique os assuntos que voc\u00ea anda procrastinando e cuide da qualidade da sua energia emocional envolvida neles.<\/p>\n","protected":false},"excerpt":{"rendered":"<p>&nbsp; Quando colocamos toda a nossa energia no que estamos fazendo, somos mais produtivos e o tempo rende. A energia se transforma em produtividade quando nossos aspectos f\u00edsico, mental, emocional e espiritual interagem sinergicamente. Nesse processo, um alimenta o outro e, como resultado, temos energia o bastante para ter tempo de sobra. A menos que [&hellip;]<\/p>\n","protected":false},"author":96,"featured_media":96755,"comment_status":"closed","ping_status":"closed","sticky":false,"template":"","format":"standard","meta":{"footnotes":""},"categories":[435,274,439],"tags":[],"class_list":["post-144684","post","type-post","status-publish","format-standard","has-post-thumbnail","hentry","category-colunas","category-dr-lair-ribeiro","category-ultima-hora"],"_links":{"self":[{"href":"https:\/\/diarioregionaldigital.com.br\/index.php?rest_route=\/wp\/v2\/posts\/144684","targetHints":{"allow":["GET"]}}],"collection":[{"href":"https:\/\/diarioregionaldigital.com.br\/index.php?rest_route=\/wp\/v2\/posts"}],"about":[{"href":"https:\/\/diarioregionaldigital.com.br\/index.php?rest_route=\/wp\/v2\/types\/post"}],"author":[{"embeddable":true,"href":"https:\/\/diarioregionaldigital.com.br\/index.php?rest_route=\/wp\/v2\/users\/96"}],"replies":[{"embeddable":true,"href":"https:\/\/diarioregionaldigital.com.br\/index.php?rest_route=%2Fwp%2Fv2%2Fcomments&post=144684"}],"version-history":[{"count":0,"href":"https:\/\/diarioregionaldigital.com.br\/index.php?rest_route=\/wp\/v2\/posts\/144684\/revisions"}],"wp:featuredmedia":[{"embeddable":true,"href":"https:\/\/diarioregionaldigital.com.br\/index.php?rest_route=\/wp\/v2\/media\/96755"}],"wp:attachment":[{"href":"https:\/\/diarioregionaldigital.com.br\/index.php?rest_route=%2Fwp%2Fv2%2Fmedia&parent=144684"}],"wp:term":[{"taxonomy":"category","embeddable":true,"href":"https:\/\/diarioregionaldigital.com.br\/index.php?rest_route=%2Fwp%2Fv2%2Fcategories&post=144684"},{"taxonomy":"post_tag","embeddable":true,"href":"https:\/\/diarioregionaldigital.com.br\/index.php?rest_route=%2Fwp%2Fv2%2Ftags&post=144684"}],"curies":[{"name":"wp","href":"https:\/\/api.w.org\/{rel}","templated":true}]}}