{"id":144680,"date":"2019-07-25T18:52:11","date_gmt":"2019-07-25T21:52:11","guid":{"rendered":"https:\/\/diarioregionaldigital.com.br\/?p=144680"},"modified":"2019-07-25T18:52:11","modified_gmt":"2019-07-25T21:52:11","slug":"settra-altera-transito-para-eventos-no-final-de-semana","status":"publish","type":"post","link":"https:\/\/diarioregionaldigital.com.br\/?p=144680","title":{"rendered":"Settra altera tr\u00e2nsito para eventos no final de semana"},"content":{"rendered":"<p>A Secretaria de Transportes e Tr\u00e2nsito (Settra) da Prefeitura de Juiz de Fora (PJF) vai alterar o tr\u00e2nsito para tr\u00eas eventos que ser\u00e3o realizados no pr\u00f3ximo domingo, 28, sendo eles: o \u201cBem Comum Lazer\u201d, o \u201cCampeonato Mineiro de Triatlhon\u201d e concurso p\u00fablico da Universidade Federal de Juiz de Fora (UFJF).<\/p>\n<p>Conforme divulgado pela pasta, para o \u201cBem Comum Lazer\u201d, das 6 \u00e0s 13 horas, ser\u00e3o promovidas as seguintes altera\u00e7\u00f5es das vias: a Avenida Bar\u00e3o do Rio Branco ter\u00e1 sua faixa central interditada entre a Rua Doutor Romualdo e a Avenida Doutor Jos\u00e9 Proc\u00f3pio Teixeira. Segunda a Settra, os \u00f4nibus que circulam no sentido bairros Manoel Hon\u00f3rio\/Bom Pastor deixar\u00e3o a pista central no cruzamento com Avenida Presidente Itamar Franco, passando para a lateral. Na dire\u00e7\u00e3o inversa, retomar\u00e3o \u00e0 faixa central no cruzamento com a Rua Doutor Romualdo. As paradas nas laterais ser\u00e3o em frente aos pontos originais da pista central.<\/p>\n<p>J\u00e1 para o \u201cCampeonato Mineiro de Triatlhon\u201d, as altera\u00e7\u00f5es ocorrer\u00e3o das 8 \u00e0s 12 horas, com largada e chegada pr\u00f3ximas \u00e0 Represa de S\u00e3o Pedro, na BR-440. Haver\u00e1 interdi\u00e7\u00e3o total nas proximidades. Para o percurso cicl\u00edstico a BR-440 ser\u00e1 fechada no entorno da represa, em dire\u00e7\u00e3o \u00e0 Rua Roberto Stieguert, sentido Centro\/bairro.<\/p>\n<p>E para o concurso p\u00fablico da UFJF, as altera\u00e7\u00f5es ter\u00e3o in\u00edcio \u00e0s 6 horas. Haver\u00e1 m\u00e3o \u00fanica na Rua Jos\u00e9 Louren\u00e7o Kelmer, entre o Port\u00e3o Norte da UFJF e o trevo do Bairro Jardim Casablanca, neste sentido, com invers\u00e3o de circula\u00e7\u00e3o na Rua Lauro Teles de Mesquita, os ve\u00edculos que v\u00e3o do Centro dever\u00e3o realizar o seguinte trajeto: Avenida Pedro Henrique Krambeck e ruas Lauro Teles de Mesquita e Jos\u00e9 Louren\u00e7o Kelmer. O transporte coletivo, partindo do Centro, com destino a S\u00e3o Pedro, transitar\u00e1 pela Avenida Pedro Henrique Krambeck, Rua Ant\u00f4nio Rufino e Avenida Presidente Costa e Silva.<\/p>\n","protected":false},"excerpt":{"rendered":"<p>A Secretaria de Transportes e Tr\u00e2nsito (Settra) da Prefeitura de Juiz de Fora (PJF) vai alterar o tr\u00e2nsito para tr\u00eas eventos que ser\u00e3o realizados no pr\u00f3ximo domingo, 28, sendo eles: o \u201cBem Comum Lazer\u201d, o \u201cCampeonato Mineiro de Triatlhon\u201d e concurso p\u00fablico da Universidade Federal de Juiz de Fora (UFJF). Conforme divulgado pela pasta, para [&hellip;]<\/p>\n","protected":false},"author":96,"featured_media":144681,"comment_status":"closed","ping_status":"closed","sticky":false,"template":"","format":"standard","meta":{"footnotes":""},"categories":[253,436,440,439],"tags":[],"class_list":["post-144680","post","type-post","status-publish","format-standard","has-post-thumbnail","hentry","category-cidade","category-destaque-da-semana","category-destaques-do-dia","category-ultima-hora"],"_links":{"self":[{"href":"https:\/\/diarioregionaldigital.com.br\/index.php?rest_route=\/wp\/v2\/posts\/144680","targetHints":{"allow":["GET"]}}],"collection":[{"href":"https:\/\/diarioregionaldigital.com.br\/index.php?rest_route=\/wp\/v2\/posts"}],"about":[{"href":"https:\/\/diarioregionaldigital.com.br\/index.php?rest_route=\/wp\/v2\/types\/post"}],"author":[{"embeddable":true,"href":"https:\/\/diarioregionaldigital.com.br\/index.php?rest_route=\/wp\/v2\/users\/96"}],"replies":[{"embeddable":true,"href":"https:\/\/diarioregionaldigital.com.br\/index.php?rest_route=%2Fwp%2Fv2%2Fcomments&post=144680"}],"version-history":[{"count":0,"href":"https:\/\/diarioregionaldigital.com.br\/index.php?rest_route=\/wp\/v2\/posts\/144680\/revisions"}],"wp:featuredmedia":[{"embeddable":true,"href":"https:\/\/diarioregionaldigital.com.br\/index.php?rest_route=\/wp\/v2\/media\/144681"}],"wp:attachment":[{"href":"https:\/\/diarioregionaldigital.com.br\/index.php?rest_route=%2Fwp%2Fv2%2Fmedia&parent=144680"}],"wp:term":[{"taxonomy":"category","embeddable":true,"href":"https:\/\/diarioregionaldigital.com.br\/index.php?rest_route=%2Fwp%2Fv2%2Fcategories&post=144680"},{"taxonomy":"post_tag","embeddable":true,"href":"https:\/\/diarioregionaldigital.com.br\/index.php?rest_route=%2Fwp%2Fv2%2Ftags&post=144680"}],"curies":[{"name":"wp","href":"https:\/\/api.w.org\/{rel}","templated":true}]}}