{"id":144677,"date":"2019-07-25T18:50:41","date_gmt":"2019-07-25T21:50:41","guid":{"rendered":"https:\/\/diarioregionaldigital.com.br\/?p=144677"},"modified":"2019-07-25T18:50:41","modified_gmt":"2019-07-25T21:50:41","slug":"parque-da-lajinha-passa-por-obras-de-revitalizacao","status":"publish","type":"post","link":"https:\/\/diarioregionaldigital.com.br\/?p=144677","title":{"rendered":"Parque da Lajinha passa por obras de revitaliza\u00e7\u00e3o"},"content":{"rendered":"<p>O Parque Natural Municipal da Lajinha est\u00e1 passando por duas obras de revitaliza\u00e7\u00e3o. A ponte que liga os dois lados do lago foi totalmente revitalizada, trazendo seguran\u00e7a e conforto para quem utiliza o espa\u00e7o para caminhada, lazer e trabalho. Est\u00e1 sendo feita, tamb\u00e9m, a troca das manilhas de drenagem do estacionamento interno. Em decorr\u00eancia das \u00faltimas chuvas, houve afundamento de solo em um viveiro de esperas do parque.<\/p>\n<p>Atrav\u00e9s da assessoria, o gerente do Departamento de Educa\u00e7\u00e3o Ambiental e Prote\u00e7\u00e3o dos Recursos Naturais (Deapren), Wesley Cardozo, disse que as obras trazem melhor qualidade para os usu\u00e1rios. \u201cA troca e a revitaliza\u00e7\u00e3o t\u00eam o objetivo de manter a qualidade do servi\u00e7o oferecido \u00e0 popula\u00e7\u00e3o. Nosso parque \u00e9 um dos cart\u00f5es-postais de Juiz de Fora e as obras v\u00e3o trazer seguran\u00e7a e bem-estar para todos, mantendo a beleza e a import\u00e2ncia hist\u00f3rica do local\u201d, afirma.<\/p>\n","protected":false},"excerpt":{"rendered":"<p>O Parque Natural Municipal da Lajinha est\u00e1 passando por duas obras de revitaliza\u00e7\u00e3o. A ponte que liga os dois lados do lago foi totalmente revitalizada, trazendo seguran\u00e7a e conforto para quem utiliza o espa\u00e7o para caminhada, lazer e trabalho. Est\u00e1 sendo feita, tamb\u00e9m, a troca das manilhas de drenagem do estacionamento interno. Em decorr\u00eancia das [&hellip;]<\/p>\n","protected":false},"author":96,"featured_media":144678,"comment_status":"closed","ping_status":"closed","sticky":false,"template":"","format":"standard","meta":{"footnotes":""},"categories":[253,436,440,439],"tags":[],"class_list":["post-144677","post","type-post","status-publish","format-standard","has-post-thumbnail","hentry","category-cidade","category-destaque-da-semana","category-destaques-do-dia","category-ultima-hora"],"_links":{"self":[{"href":"https:\/\/diarioregionaldigital.com.br\/index.php?rest_route=\/wp\/v2\/posts\/144677","targetHints":{"allow":["GET"]}}],"collection":[{"href":"https:\/\/diarioregionaldigital.com.br\/index.php?rest_route=\/wp\/v2\/posts"}],"about":[{"href":"https:\/\/diarioregionaldigital.com.br\/index.php?rest_route=\/wp\/v2\/types\/post"}],"author":[{"embeddable":true,"href":"https:\/\/diarioregionaldigital.com.br\/index.php?rest_route=\/wp\/v2\/users\/96"}],"replies":[{"embeddable":true,"href":"https:\/\/diarioregionaldigital.com.br\/index.php?rest_route=%2Fwp%2Fv2%2Fcomments&post=144677"}],"version-history":[{"count":0,"href":"https:\/\/diarioregionaldigital.com.br\/index.php?rest_route=\/wp\/v2\/posts\/144677\/revisions"}],"wp:featuredmedia":[{"embeddable":true,"href":"https:\/\/diarioregionaldigital.com.br\/index.php?rest_route=\/wp\/v2\/media\/144678"}],"wp:attachment":[{"href":"https:\/\/diarioregionaldigital.com.br\/index.php?rest_route=%2Fwp%2Fv2%2Fmedia&parent=144677"}],"wp:term":[{"taxonomy":"category","embeddable":true,"href":"https:\/\/diarioregionaldigital.com.br\/index.php?rest_route=%2Fwp%2Fv2%2Fcategories&post=144677"},{"taxonomy":"post_tag","embeddable":true,"href":"https:\/\/diarioregionaldigital.com.br\/index.php?rest_route=%2Fwp%2Fv2%2Ftags&post=144677"}],"curies":[{"name":"wp","href":"https:\/\/api.w.org\/{rel}","templated":true}]}}