{"id":144673,"date":"2019-07-25T18:49:35","date_gmt":"2019-07-25T21:49:35","guid":{"rendered":"https:\/\/diarioregionaldigital.com.br\/?p=144673"},"modified":"2019-07-25T18:49:35","modified_gmt":"2019-07-25T21:49:35","slug":"secretaria-de-meio-ambiente-flagra-intervencao-irregular-proximo-da-represa-joao-penido","status":"publish","type":"post","link":"https:\/\/diarioregionaldigital.com.br\/?p=144673","title":{"rendered":"Secretaria de Meio Ambiente flagra interven\u00e7\u00e3o irregular pr\u00f3ximo da Represa Jo\u00e3o Penido"},"content":{"rendered":"<p>O Departamento de Fiscaliza\u00e7\u00e3o Ambiental e Urbano (Defau) da Secretaria de Meio Ambiente e Ordenamento Urbano (Semaur) da Prefeitura de Juiz de Fora (PJF) flagrou, no \u00faltimo domingo, 17, uma movimenta\u00e7\u00e3o de terra irregular que estava sendo realizada junto \u00e0s margens da Represa Doutor Jo\u00e3o Penido.<\/p>\n<p>De acordo com a pasta, o respons\u00e1vel pela obra foi identificado no local, sendo imediatamente realizado embargo da atividade. Al\u00e9m disso, foram emitidos autos de infra\u00e7\u00e3o relativos ao parcelamento de solo sem a devida autoriza\u00e7\u00e3o, bem como de interven\u00e7\u00e3o em \u00c1rea de Preserva\u00e7\u00e3o Permanente (APP).<\/p>\n<p>Todo procedimento fiscal ser\u00e1 encaminhado ao Minist\u00e9rio P\u00fablico para conhecimento e provid\u00eancias, conforme determina a legisla\u00e7\u00e3o.<\/p>\n","protected":false},"excerpt":{"rendered":"<p>O Departamento de Fiscaliza\u00e7\u00e3o Ambiental e Urbano (Defau) da Secretaria de Meio Ambiente e Ordenamento Urbano (Semaur) da Prefeitura de Juiz de Fora (PJF) flagrou, no \u00faltimo domingo, 17, uma movimenta\u00e7\u00e3o de terra irregular que estava sendo realizada junto \u00e0s margens da Represa Doutor Jo\u00e3o Penido. De acordo com a pasta, o respons\u00e1vel pela obra [&hellip;]<\/p>\n","protected":false},"author":96,"featured_media":144675,"comment_status":"closed","ping_status":"closed","sticky":false,"template":"","format":"standard","meta":{"footnotes":""},"categories":[253,436,440,439],"tags":[],"class_list":["post-144673","post","type-post","status-publish","format-standard","has-post-thumbnail","hentry","category-cidade","category-destaque-da-semana","category-destaques-do-dia","category-ultima-hora"],"_links":{"self":[{"href":"https:\/\/diarioregionaldigital.com.br\/index.php?rest_route=\/wp\/v2\/posts\/144673","targetHints":{"allow":["GET"]}}],"collection":[{"href":"https:\/\/diarioregionaldigital.com.br\/index.php?rest_route=\/wp\/v2\/posts"}],"about":[{"href":"https:\/\/diarioregionaldigital.com.br\/index.php?rest_route=\/wp\/v2\/types\/post"}],"author":[{"embeddable":true,"href":"https:\/\/diarioregionaldigital.com.br\/index.php?rest_route=\/wp\/v2\/users\/96"}],"replies":[{"embeddable":true,"href":"https:\/\/diarioregionaldigital.com.br\/index.php?rest_route=%2Fwp%2Fv2%2Fcomments&post=144673"}],"version-history":[{"count":0,"href":"https:\/\/diarioregionaldigital.com.br\/index.php?rest_route=\/wp\/v2\/posts\/144673\/revisions"}],"wp:featuredmedia":[{"embeddable":true,"href":"https:\/\/diarioregionaldigital.com.br\/index.php?rest_route=\/wp\/v2\/media\/144675"}],"wp:attachment":[{"href":"https:\/\/diarioregionaldigital.com.br\/index.php?rest_route=%2Fwp%2Fv2%2Fmedia&parent=144673"}],"wp:term":[{"taxonomy":"category","embeddable":true,"href":"https:\/\/diarioregionaldigital.com.br\/index.php?rest_route=%2Fwp%2Fv2%2Fcategories&post=144673"},{"taxonomy":"post_tag","embeddable":true,"href":"https:\/\/diarioregionaldigital.com.br\/index.php?rest_route=%2Fwp%2Fv2%2Ftags&post=144673"}],"curies":[{"name":"wp","href":"https:\/\/api.w.org\/{rel}","templated":true}]}}