{"id":144665,"date":"2019-07-25T17:41:06","date_gmt":"2019-07-25T20:41:06","guid":{"rendered":"https:\/\/diarioregionaldigital.com.br\/?p=144665"},"modified":"2019-07-25T18:48:22","modified_gmt":"2019-07-25T21:48:22","slug":"frente-parlamentar-mista-de-combate-a-dengue-reune-ideias-para-ampliar-campanha","status":"publish","type":"post","link":"https:\/\/diarioregionaldigital.com.br\/?p=144665","title":{"rendered":"Frente Parlamentar Mista de Combate \u00e0 Dengue re\u00fane ideias para ampliar campanha"},"content":{"rendered":"<p>Em reuni\u00e3o na Defesa Civil na quarta-feira, 24, a Frente Parlamentar Mista de Combate \u00e0 Dengue ampliou a estrat\u00e9gia da campanha, com rela\u00e7\u00e3o \u00e0s a\u00e7\u00f5es educativas nas escolas e conscientiza\u00e7\u00e3o dos multiplicadores de opini\u00e3o nos bairros. De acordo com dados divulgados em 22 de julho pela Secretaria de Estado de Sa\u00fade (SES-MG) j\u00e1 foram confirmados 10 \u00f3bitos causados pela Dengue este ano em Juiz de Fora e a Frente busca reunir toda a sociedade no combate ao mosquito.<\/p>\n<p>A incid\u00eancia \u00e9 considerada muito alta, com 757 casos a cada 100 mil pessoas, totalizando 4272 casos de Dengue nos \u00faltimos sete meses. O trabalho da Frente Parlamentar vem sendo elaborado no sentido de abranger toda a sociedade no combate ao mosquito. A campanha seria lan\u00e7ada no dia 05 de agosto, no Teatro Paschoal Carlos Magno, mas foi adiada para 24 de setembro em virtude da abrang\u00eancia e da import\u00e2ncia do somat\u00f3rio de for\u00e7as entre os poderes Legislativo e Executivo.<\/p>\n<p>A proponente da Frente Parlamentar, vereadora Ana do Pe Frederico (MDB) lembra que durante o inverno \u00e9 o momento de planejar as a\u00e7\u00f5es para prevenir a prolifera\u00e7\u00e3o do mosquito durante o per\u00edodo de chuvas, nas pr\u00f3ximas esta\u00e7\u00f5es do ano. Al\u00e9m das chuvas, \u00e9 importante lembrar que cerca de 90% dos focos de Dengue est\u00e3o dentro das resid\u00eancias, como: em ralos de banheiro n\u00e3o utilizados, em compartimentos da geladeira com \u00e1gua parada, entre outros. O trabalho da Frente Parlamentar Mista vem sendo elaborado para combater o mosquito com diferentes a\u00e7\u00f5es, de maneira abrangente.<\/p>\n<p>Fonte: CMJF<\/p>\n","protected":false},"excerpt":{"rendered":"<p>Em reuni\u00e3o na Defesa Civil na quarta-feira, 24, a Frente Parlamentar Mista de Combate \u00e0 Dengue ampliou a estrat\u00e9gia da campanha, com rela\u00e7\u00e3o \u00e0s a\u00e7\u00f5es educativas nas escolas e conscientiza\u00e7\u00e3o dos multiplicadores de opini\u00e3o nos bairros. De acordo com dados divulgados em 22 de julho pela Secretaria de Estado de Sa\u00fade (SES-MG) j\u00e1 foram confirmados [&hellip;]<\/p>\n","protected":false},"author":96,"featured_media":144672,"comment_status":"closed","ping_status":"closed","sticky":false,"template":"","format":"standard","meta":{"footnotes":""},"categories":[253,436,440,439],"tags":[],"class_list":["post-144665","post","type-post","status-publish","format-standard","has-post-thumbnail","hentry","category-cidade","category-destaque-da-semana","category-destaques-do-dia","category-ultima-hora"],"_links":{"self":[{"href":"https:\/\/diarioregionaldigital.com.br\/index.php?rest_route=\/wp\/v2\/posts\/144665","targetHints":{"allow":["GET"]}}],"collection":[{"href":"https:\/\/diarioregionaldigital.com.br\/index.php?rest_route=\/wp\/v2\/posts"}],"about":[{"href":"https:\/\/diarioregionaldigital.com.br\/index.php?rest_route=\/wp\/v2\/types\/post"}],"author":[{"embeddable":true,"href":"https:\/\/diarioregionaldigital.com.br\/index.php?rest_route=\/wp\/v2\/users\/96"}],"replies":[{"embeddable":true,"href":"https:\/\/diarioregionaldigital.com.br\/index.php?rest_route=%2Fwp%2Fv2%2Fcomments&post=144665"}],"version-history":[{"count":0,"href":"https:\/\/diarioregionaldigital.com.br\/index.php?rest_route=\/wp\/v2\/posts\/144665\/revisions"}],"wp:featuredmedia":[{"embeddable":true,"href":"https:\/\/diarioregionaldigital.com.br\/index.php?rest_route=\/wp\/v2\/media\/144672"}],"wp:attachment":[{"href":"https:\/\/diarioregionaldigital.com.br\/index.php?rest_route=%2Fwp%2Fv2%2Fmedia&parent=144665"}],"wp:term":[{"taxonomy":"category","embeddable":true,"href":"https:\/\/diarioregionaldigital.com.br\/index.php?rest_route=%2Fwp%2Fv2%2Fcategories&post=144665"},{"taxonomy":"post_tag","embeddable":true,"href":"https:\/\/diarioregionaldigital.com.br\/index.php?rest_route=%2Fwp%2Fv2%2Ftags&post=144665"}],"curies":[{"name":"wp","href":"https:\/\/api.w.org\/{rel}","templated":true}]}}