{"id":144664,"date":"2019-07-25T18:45:03","date_gmt":"2019-07-25T21:45:03","guid":{"rendered":"https:\/\/diarioregionaldigital.com.br\/?p=144664"},"modified":"2019-07-25T18:45:03","modified_gmt":"2019-07-25T21:45:03","slug":"sds-realiza-campeonato-de-toto-como-atividade-educativa","status":"publish","type":"post","link":"https:\/\/diarioregionaldigital.com.br\/?p=144664","title":{"rendered":"SDS realiza campeonato de \u201ctot\u00f3\u201d como atividade educativa"},"content":{"rendered":"<p>Nesta quinta-feira, 25, a Secretaria de Desenvolvimento Social (SDS) da Prefeitura de Juiz de Fora (PJF) realizou a quarta edi\u00e7\u00e3o do campeonato de \u201ctot\u00f3\u201d. Estiveram presentes 25 assistidos. O evento, realizado por meio do Servi\u00e7o de Conviv\u00eancia e Fortalecimento de V\u00ednculos (SCFV) e executado pela Associa\u00e7\u00e3o Municipal de Apoio Comunit\u00e1rio (Amac), visa mostrar que a competi\u00e7\u00e3o assume forma l\u00fadica e educativa, e assim produz v\u00e1rios benef\u00edcios, como a sociabiliza\u00e7\u00e3o, respeito ao pr\u00f3ximo, saber perder e ganhar, respeitar regras e cooperar.<\/p>\n<p>A disputa se enquadra no tema trabalhado este m\u00eas na entidade, \u201cDireitos Humanos: Cidadania e Educa\u00e7\u00e3o\u201d. Para a pedagoga Renata Oliveira, \u201c\u00e9 muito bom incentivar e promover esta integra\u00e7\u00e3o, pois durante os jogos eles podem aprender valores \u00e9ticos, enquanto est\u00e3o brincando\u201d.<\/p>\n<p>Fonte: PJF<\/p>\n","protected":false},"excerpt":{"rendered":"<p>Nesta quinta-feira, 25, a Secretaria de Desenvolvimento Social (SDS) da Prefeitura de Juiz de Fora (PJF) realizou a quarta edi\u00e7\u00e3o do campeonato de \u201ctot\u00f3\u201d. Estiveram presentes 25 assistidos. O evento, realizado por meio do Servi\u00e7o de Conviv\u00eancia e Fortalecimento de V\u00ednculos (SCFV) e executado pela Associa\u00e7\u00e3o Municipal de Apoio Comunit\u00e1rio (Amac), visa mostrar que a [&hellip;]<\/p>\n","protected":false},"author":96,"featured_media":144668,"comment_status":"closed","ping_status":"closed","sticky":false,"template":"","format":"standard","meta":{"footnotes":""},"categories":[253,436,439],"tags":[],"class_list":["post-144664","post","type-post","status-publish","format-standard","has-post-thumbnail","hentry","category-cidade","category-destaque-da-semana","category-ultima-hora"],"_links":{"self":[{"href":"https:\/\/diarioregionaldigital.com.br\/index.php?rest_route=\/wp\/v2\/posts\/144664","targetHints":{"allow":["GET"]}}],"collection":[{"href":"https:\/\/diarioregionaldigital.com.br\/index.php?rest_route=\/wp\/v2\/posts"}],"about":[{"href":"https:\/\/diarioregionaldigital.com.br\/index.php?rest_route=\/wp\/v2\/types\/post"}],"author":[{"embeddable":true,"href":"https:\/\/diarioregionaldigital.com.br\/index.php?rest_route=\/wp\/v2\/users\/96"}],"replies":[{"embeddable":true,"href":"https:\/\/diarioregionaldigital.com.br\/index.php?rest_route=%2Fwp%2Fv2%2Fcomments&post=144664"}],"version-history":[{"count":0,"href":"https:\/\/diarioregionaldigital.com.br\/index.php?rest_route=\/wp\/v2\/posts\/144664\/revisions"}],"wp:featuredmedia":[{"embeddable":true,"href":"https:\/\/diarioregionaldigital.com.br\/index.php?rest_route=\/wp\/v2\/media\/144668"}],"wp:attachment":[{"href":"https:\/\/diarioregionaldigital.com.br\/index.php?rest_route=%2Fwp%2Fv2%2Fmedia&parent=144664"}],"wp:term":[{"taxonomy":"category","embeddable":true,"href":"https:\/\/diarioregionaldigital.com.br\/index.php?rest_route=%2Fwp%2Fv2%2Fcategories&post=144664"},{"taxonomy":"post_tag","embeddable":true,"href":"https:\/\/diarioregionaldigital.com.br\/index.php?rest_route=%2Fwp%2Fv2%2Ftags&post=144664"}],"curies":[{"name":"wp","href":"https:\/\/api.w.org\/{rel}","templated":true}]}}