{"id":144663,"date":"2019-07-25T14:41:01","date_gmt":"2019-07-25T17:41:01","guid":{"rendered":"https:\/\/diarioregionaldigital.com.br\/?p=144663"},"modified":"2019-07-25T18:44:08","modified_gmt":"2019-07-25T21:44:08","slug":"flamengo-perde-para-o-emelec-na-libertadores","status":"publish","type":"post","link":"https:\/\/diarioregionaldigital.com.br\/?p=144663","title":{"rendered":"Flamengo perde para o Emelec na Libertadores"},"content":{"rendered":"<p>N\u00e3o deu para o Flamengo no jogo de ida das oitavas de final da Libertadores. O Rubro-Negro foi derrotado pelo Emelec por 2 a 0, no Equador. O jogo de volta ser\u00e1 disputado no Maracan\u00e3, na pr\u00f3xima quarta-feira.<\/p>\n<p>&nbsp;<\/p>\n<p><strong>Primeiro Tempo<\/strong><\/p>\n<p>As melhores chances do Meng\u00e3o no primeiro tempo surgiram em jogadas do atacante Gabriel. Em duas ocasi\u00f5es, ele esteve perto de marcar. Na primeira, o goleiro do Emelec defendeu. Na segunda, a bola passou perto da trave. O Rubro-Negro foi para o intervalo perdendo por 1 a 0.<\/p>\n<p>&nbsp;<\/p>\n<p><strong>Segundo Tempo<\/strong><\/p>\n<p>No segundo tempo, a melhor chance do Flamengo esteve nos p\u00e9s de Lincoln, mas o jovem atacante chutou pra fora. O Rubro-Negro foi surpreendido e sofreu mais um gol. Ren\u00ea ainda colocou uma bola na trave, mas ficou assim: 2 a 0 para o Emelec.<\/p>\n<p>&nbsp;<\/p>\n<p><strong>E agora?<\/strong><\/p>\n<p>No domingo, o Rubro-Negro enfrenta o Botafogo, no Maracan\u00e3, em partida v\u00e1lida pela 12\u00aa rodada do Campeonato Brasileiro.<\/p>\n<p>Fonte: Flamengo<\/p>\n","protected":false},"excerpt":{"rendered":"<p>N\u00e3o deu para o Flamengo no jogo de ida das oitavas de final da Libertadores. O Rubro-Negro foi derrotado pelo Emelec por 2 a 0, no Equador. O jogo de volta ser\u00e1 disputado no Maracan\u00e3, na pr\u00f3xima quarta-feira. &nbsp; Primeiro Tempo As melhores chances do Meng\u00e3o no primeiro tempo surgiram em jogadas do atacante Gabriel. [&hellip;]<\/p>\n","protected":false},"author":96,"featured_media":144667,"comment_status":"closed","ping_status":"closed","sticky":false,"template":"","format":"standard","meta":{"footnotes":""},"categories":[436,257,439],"tags":[],"class_list":["post-144663","post","type-post","status-publish","format-standard","has-post-thumbnail","hentry","category-destaque-da-semana","category-esporte","category-ultima-hora"],"_links":{"self":[{"href":"https:\/\/diarioregionaldigital.com.br\/index.php?rest_route=\/wp\/v2\/posts\/144663","targetHints":{"allow":["GET"]}}],"collection":[{"href":"https:\/\/diarioregionaldigital.com.br\/index.php?rest_route=\/wp\/v2\/posts"}],"about":[{"href":"https:\/\/diarioregionaldigital.com.br\/index.php?rest_route=\/wp\/v2\/types\/post"}],"author":[{"embeddable":true,"href":"https:\/\/diarioregionaldigital.com.br\/index.php?rest_route=\/wp\/v2\/users\/96"}],"replies":[{"embeddable":true,"href":"https:\/\/diarioregionaldigital.com.br\/index.php?rest_route=%2Fwp%2Fv2%2Fcomments&post=144663"}],"version-history":[{"count":0,"href":"https:\/\/diarioregionaldigital.com.br\/index.php?rest_route=\/wp\/v2\/posts\/144663\/revisions"}],"wp:featuredmedia":[{"embeddable":true,"href":"https:\/\/diarioregionaldigital.com.br\/index.php?rest_route=\/wp\/v2\/media\/144667"}],"wp:attachment":[{"href":"https:\/\/diarioregionaldigital.com.br\/index.php?rest_route=%2Fwp%2Fv2%2Fmedia&parent=144663"}],"wp:term":[{"taxonomy":"category","embeddable":true,"href":"https:\/\/diarioregionaldigital.com.br\/index.php?rest_route=%2Fwp%2Fv2%2Fcategories&post=144663"},{"taxonomy":"post_tag","embeddable":true,"href":"https:\/\/diarioregionaldigital.com.br\/index.php?rest_route=%2Fwp%2Fv2%2Ftags&post=144663"}],"curies":[{"name":"wp","href":"https:\/\/api.w.org\/{rel}","templated":true}]}}