{"id":144661,"date":"2019-07-26T06:00:56","date_gmt":"2019-07-26T09:00:56","guid":{"rendered":"https:\/\/diarioregionaldigital.com.br\/?p=144661"},"modified":"2019-07-25T19:35:47","modified_gmt":"2019-07-25T22:35:47","slug":"social-34","status":"publish","type":"post","link":"https:\/\/diarioregionaldigital.com.br\/?p=144661","title":{"rendered":"Social"},"content":{"rendered":"<p style=\"text-align: center;\"><strong>Teatro <\/strong><\/p>\n<p style=\"text-align: center;\">O Teatro Solar estar\u00e1 iluminado no domingo, 28 de julho, \u00e0s 16 horas, para o projeto Divers\u00e3o em Cena ArcelorMital apresentar o espet\u00e1culo musical Pra Ca Tum! Do musico Fabr\u00edcio Delgado que atua nesta \u00e1rea h\u00e1 mais de 25 anos. As m\u00fasicas do espet\u00e1culo s\u00e3o executadas com instrumentos ind\u00edgenas, africanos e portugueses.<\/p>\n<p style=\"text-align: center;\"><strong>Jornada <\/strong><\/p>\n<p style=\"text-align: center;\">O CES\/JF sedia a 1\u00aa jornada de Etologia que acontece no dia 31 de agosto, no Audit\u00f3rio da institui\u00e7\u00e3o, no Campus Academia (Rua Halfeld, 1179, Centro). O evento tem como p\u00fablico alvo graduandos dos cursos de Ci\u00eancias Biol\u00f3gicas, Medicina Veterin\u00e1ria, Zootecnia, Psicologia e \u00e1reas afins.<\/p>\n<p style=\"text-align: center;\"><strong>Religiosidade<\/strong><\/p>\n<p style=\"text-align: center;\">A Igreja Cat\u00f3lica celebra, em 26 de julho, S\u00e3o Joaquim e Santa Ana, os pais de Nossa Senhora. Por terem sido os av\u00f3s de Jesus, s\u00e3o considerados os protetores de av\u00f3s e av\u00f4s, que tamb\u00e9m tem o seu dia comemorado na mesma data. Na sexta feira, 26, na Par\u00f3quia Sant\u2019Anna, no bairro Vila Ideal, haver\u00e1 missa \u00e0s 8h, com os agentes da pastoral, \u00e0s 15h, missa dos av\u00f3s, \u00e0s 18h, ter\u00e7o dos homens, \u00e0s 19h, Prociss\u00e3o e \u00e0s 19h30, missa solene.<\/p>\n<p style=\"text-align: center;\"><strong>Paradinha Musical<\/strong><\/p>\n<p style=\"text-align: center;\">Conjugando jardim m\u00edstico e boa m\u00fasica, a festa Fresh Day &amp; Night Festival vai bombar no dia 7 de setembro, a partir do meio-dia, no Hotel Green Hill. O festival de m\u00fasica eletr\u00f4nica vai at\u00e9 \u00e0s 8h do domingo. Nas pick-up, Capute e Moa, D-Nox, Evokings, Gabe, Jord, Korvo, Marquinhos\/SP.<\/p>\n<p style=\"text-align: center;\"><span style=\"font-size: 14pt;\"><strong>Social<\/strong><\/span><\/p>\n<p style=\"text-align: center;\">A elegante Gilmara Rocha recebeu para fino coquetel de lan\u00e7amento de seu programa \u201cLevemente\u201d para a RCWTV, na Est\u00e2ncia Dom Vi\u00e7oso. As fotos da Inspirare registram pessoas especiais para a coluna.<\/p>\n<div id=\"attachment_144649\" style=\"width: 690px\" class=\"wp-caption aligncenter\"><img loading=\"lazy\" decoding=\"async\" aria-describedby=\"caption-attachment-144649\" class=\"wp-image-144649\" src=\"https:\/\/diarioregionaldigital.com.br\/wp-content\/uploads\/2019\/07\/fotoa-18.jpg\" alt=\"\" width=\"680\" height=\"451\" srcset=\"https:\/\/diarioregionaldigital.com.br\/wp-content\/uploads\/2019\/07\/fotoa-18.jpg 1764w, https:\/\/diarioregionaldigital.com.br\/wp-content\/uploads\/2019\/07\/fotoa-18-300x199.jpg 300w, https:\/\/diarioregionaldigital.com.br\/wp-content\/uploads\/2019\/07\/fotoa-18-768x509.jpg 768w, https:\/\/diarioregionaldigital.com.br\/wp-content\/uploads\/2019\/07\/fotoa-18-1024x679.jpg 1024w, https:\/\/diarioregionaldigital.com.br\/wp-content\/uploads\/2019\/07\/fotoa-18-360x239.jpg 360w\" sizes=\"auto, (max-width: 680px) 100vw, 680px\" \/><p id=\"caption-attachment-144649\" class=\"wp-caption-text\">As empreendedoras Gilmara Rocha, Renata Monteiro, B\u00e1rbara Bonif\u00e1cio e Patr\u00edcia Villela<\/p><\/div>\n<div id=\"attachment_144650\" style=\"width: 690px\" class=\"wp-caption aligncenter\"><img loading=\"lazy\" decoding=\"async\" aria-describedby=\"caption-attachment-144650\" class=\"wp-image-144650\" src=\"https:\/\/diarioregionaldigital.com.br\/wp-content\/uploads\/2019\/07\/fotob-16.jpg\" alt=\"\" width=\"680\" height=\"451\" srcset=\"https:\/\/diarioregionaldigital.com.br\/wp-content\/uploads\/2019\/07\/fotob-16.jpg 1764w, https:\/\/diarioregionaldigital.com.br\/wp-content\/uploads\/2019\/07\/fotob-16-300x199.jpg 300w, https:\/\/diarioregionaldigital.com.br\/wp-content\/uploads\/2019\/07\/fotob-16-768x509.jpg 768w, https:\/\/diarioregionaldigital.com.br\/wp-content\/uploads\/2019\/07\/fotob-16-1024x679.jpg 1024w, https:\/\/diarioregionaldigital.com.br\/wp-content\/uploads\/2019\/07\/fotob-16-360x239.jpg 360w\" sizes=\"auto, (max-width: 680px) 100vw, 680px\" \/><p id=\"caption-attachment-144650\" class=\"wp-caption-text\">Gilmara Rocha e Amaryles Delgado<\/p><\/div>\n<div id=\"attachment_144651\" style=\"width: 690px\" class=\"wp-caption aligncenter\"><img loading=\"lazy\" decoding=\"async\" aria-describedby=\"caption-attachment-144651\" class=\"wp-image-144651\" src=\"https:\/\/diarioregionaldigital.com.br\/wp-content\/uploads\/2019\/07\/fotoc-16.jpg\" alt=\"\" width=\"680\" height=\"451\" srcset=\"https:\/\/diarioregionaldigital.com.br\/wp-content\/uploads\/2019\/07\/fotoc-16.jpg 1764w, https:\/\/diarioregionaldigital.com.br\/wp-content\/uploads\/2019\/07\/fotoc-16-300x199.jpg 300w, https:\/\/diarioregionaldigital.com.br\/wp-content\/uploads\/2019\/07\/fotoc-16-768x509.jpg 768w, https:\/\/diarioregionaldigital.com.br\/wp-content\/uploads\/2019\/07\/fotoc-16-1024x679.jpg 1024w, https:\/\/diarioregionaldigital.com.br\/wp-content\/uploads\/2019\/07\/fotoc-16-360x239.jpg 360w\" sizes=\"auto, (max-width: 680px) 100vw, 680px\" \/><p id=\"caption-attachment-144651\" class=\"wp-caption-text\">C\u00e9lia Fassheber, Gilmara Rocha, Fl\u00e1via Gomes<\/p><\/div>\n<div id=\"attachment_144653\" style=\"width: 690px\" class=\"wp-caption aligncenter\"><img loading=\"lazy\" decoding=\"async\" aria-describedby=\"caption-attachment-144653\" class=\"wp-image-144653\" src=\"https:\/\/diarioregionaldigital.com.br\/wp-content\/uploads\/2019\/07\/fotoe-15.jpg\" alt=\"\" width=\"680\" height=\"456\" srcset=\"https:\/\/diarioregionaldigital.com.br\/wp-content\/uploads\/2019\/07\/fotoe-15.jpg 1752w, https:\/\/diarioregionaldigital.com.br\/wp-content\/uploads\/2019\/07\/fotoe-15-300x201.jpg 300w, https:\/\/diarioregionaldigital.com.br\/wp-content\/uploads\/2019\/07\/fotoe-15-768x516.jpg 768w, https:\/\/diarioregionaldigital.com.br\/wp-content\/uploads\/2019\/07\/fotoe-15-1024x687.jpg 1024w, https:\/\/diarioregionaldigital.com.br\/wp-content\/uploads\/2019\/07\/fotoe-15-360x242.jpg 360w\" sizes=\"auto, (max-width: 680px) 100vw, 680px\" \/><p id=\"caption-attachment-144653\" class=\"wp-caption-text\">Dr. Lindomar Delgado, Gilmara Rocha e Dr. Thiago Delgado<\/p><\/div>\n<div id=\"attachment_144654\" style=\"width: 690px\" class=\"wp-caption aligncenter\"><img loading=\"lazy\" decoding=\"async\" aria-describedby=\"caption-attachment-144654\" class=\"wp-image-144654\" src=\"https:\/\/diarioregionaldigital.com.br\/wp-content\/uploads\/2019\/07\/fotof-15.jpg\" alt=\"\" width=\"680\" height=\"453\" srcset=\"https:\/\/diarioregionaldigital.com.br\/wp-content\/uploads\/2019\/07\/fotof-15.jpg 1764w, https:\/\/diarioregionaldigital.com.br\/wp-content\/uploads\/2019\/07\/fotof-15-300x200.jpg 300w, https:\/\/diarioregionaldigital.com.br\/wp-content\/uploads\/2019\/07\/fotof-15-768x512.jpg 768w, https:\/\/diarioregionaldigital.com.br\/wp-content\/uploads\/2019\/07\/fotof-15-1024x683.jpg 1024w, https:\/\/diarioregionaldigital.com.br\/wp-content\/uploads\/2019\/07\/fotof-15-360x240.jpg 360w\" sizes=\"auto, (max-width: 680px) 100vw, 680px\" \/><p id=\"caption-attachment-144654\" class=\"wp-caption-text\">Renata Monteiro, Fernanda Carvalho, Juliana Andreatta, Patr\u00edcia Villela, Milena Souza, Gilmara e B\u00e1rbara Bonif\u00e1cio<\/p><\/div>\n<div id=\"attachment_144655\" style=\"width: 690px\" class=\"wp-caption aligncenter\"><img loading=\"lazy\" decoding=\"async\" aria-describedby=\"caption-attachment-144655\" class=\"wp-image-144655\" src=\"https:\/\/diarioregionaldigital.com.br\/wp-content\/uploads\/2019\/07\/fotog-15.jpg\" alt=\"\" width=\"680\" height=\"451\" srcset=\"https:\/\/diarioregionaldigital.com.br\/wp-content\/uploads\/2019\/07\/fotog-15.jpg 1764w, https:\/\/diarioregionaldigital.com.br\/wp-content\/uploads\/2019\/07\/fotog-15-300x199.jpg 300w, https:\/\/diarioregionaldigital.com.br\/wp-content\/uploads\/2019\/07\/fotog-15-768x509.jpg 768w, https:\/\/diarioregionaldigital.com.br\/wp-content\/uploads\/2019\/07\/fotog-15-1024x679.jpg 1024w, https:\/\/diarioregionaldigital.com.br\/wp-content\/uploads\/2019\/07\/fotog-15-360x239.jpg 360w\" sizes=\"auto, (max-width: 680px) 100vw, 680px\" \/><p id=\"caption-attachment-144655\" class=\"wp-caption-text\">Andr\u00e9 Lamas, Gilmara Rocha e Luciana Abreu<\/p><\/div>\n<div id=\"attachment_144656\" style=\"width: 690px\" class=\"wp-caption aligncenter\"><img loading=\"lazy\" decoding=\"async\" aria-describedby=\"caption-attachment-144656\" class=\"wp-image-144656\" src=\"https:\/\/diarioregionaldigital.com.br\/wp-content\/uploads\/2019\/07\/fotoi-16.jpg\" alt=\"\" width=\"680\" height=\"456\" srcset=\"https:\/\/diarioregionaldigital.com.br\/wp-content\/uploads\/2019\/07\/fotoi-16.jpg 1752w, https:\/\/diarioregionaldigital.com.br\/wp-content\/uploads\/2019\/07\/fotoi-16-300x201.jpg 300w, https:\/\/diarioregionaldigital.com.br\/wp-content\/uploads\/2019\/07\/fotoi-16-768x516.jpg 768w, https:\/\/diarioregionaldigital.com.br\/wp-content\/uploads\/2019\/07\/fotoi-16-1024x687.jpg 1024w, https:\/\/diarioregionaldigital.com.br\/wp-content\/uploads\/2019\/07\/fotoi-16-360x242.jpg 360w\" sizes=\"auto, (max-width: 680px) 100vw, 680px\" \/><p id=\"caption-attachment-144656\" class=\"wp-caption-text\">Gilmara Rocha e sua fam\u00edlia, Maria Fernanda Braz e Luiz Fernando Braz<\/p><\/div>\n<div id=\"attachment_144657\" style=\"width: 690px\" class=\"wp-caption aligncenter\"><img loading=\"lazy\" decoding=\"async\" aria-describedby=\"caption-attachment-144657\" class=\"wp-image-144657\" src=\"https:\/\/diarioregionaldigital.com.br\/wp-content\/uploads\/2019\/07\/fotoj-15.jpg\" alt=\"\" width=\"680\" height=\"458\" srcset=\"https:\/\/diarioregionaldigital.com.br\/wp-content\/uploads\/2019\/07\/fotoj-15.jpg 1746w, https:\/\/diarioregionaldigital.com.br\/wp-content\/uploads\/2019\/07\/fotoj-15-300x202.jpg 300w, https:\/\/diarioregionaldigital.com.br\/wp-content\/uploads\/2019\/07\/fotoj-15-768x517.jpg 768w, https:\/\/diarioregionaldigital.com.br\/wp-content\/uploads\/2019\/07\/fotoj-15-1024x690.jpg 1024w, https:\/\/diarioregionaldigital.com.br\/wp-content\/uploads\/2019\/07\/fotoj-15-360x242.jpg 360w\" sizes=\"auto, (max-width: 680px) 100vw, 680px\" \/><p id=\"caption-attachment-144657\" class=\"wp-caption-text\">Fernando Rocha e Gilmara Rocha<\/p><\/div>\n<div id=\"attachment_144658\" style=\"width: 690px\" class=\"wp-caption aligncenter\"><img loading=\"lazy\" decoding=\"async\" aria-describedby=\"caption-attachment-144658\" class=\"wp-image-144658\" src=\"https:\/\/diarioregionaldigital.com.br\/wp-content\/uploads\/2019\/07\/fotol-10.jpg\" alt=\"\" width=\"680\" height=\"451\" srcset=\"https:\/\/diarioregionaldigital.com.br\/wp-content\/uploads\/2019\/07\/fotol-10.jpg 1764w, https:\/\/diarioregionaldigital.com.br\/wp-content\/uploads\/2019\/07\/fotol-10-300x199.jpg 300w, https:\/\/diarioregionaldigital.com.br\/wp-content\/uploads\/2019\/07\/fotol-10-768x509.jpg 768w, https:\/\/diarioregionaldigital.com.br\/wp-content\/uploads\/2019\/07\/fotol-10-1024x679.jpg 1024w, https:\/\/diarioregionaldigital.com.br\/wp-content\/uploads\/2019\/07\/fotol-10-360x239.jpg 360w\" sizes=\"auto, (max-width: 680px) 100vw, 680px\" \/><p id=\"caption-attachment-144658\" class=\"wp-caption-text\">Gilmara Rocha e Ivan Resende<\/p><\/div>\n<div id=\"attachment_144659\" style=\"width: 690px\" class=\"wp-caption aligncenter\"><img loading=\"lazy\" decoding=\"async\" aria-describedby=\"caption-attachment-144659\" class=\"wp-image-144659\" src=\"https:\/\/diarioregionaldigital.com.br\/wp-content\/uploads\/2019\/07\/fotom-5.jpg\" alt=\"\" width=\"680\" height=\"457\" srcset=\"https:\/\/diarioregionaldigital.com.br\/wp-content\/uploads\/2019\/07\/fotom-5.jpg 1758w, https:\/\/diarioregionaldigital.com.br\/wp-content\/uploads\/2019\/07\/fotom-5-300x202.jpg 300w, https:\/\/diarioregionaldigital.com.br\/wp-content\/uploads\/2019\/07\/fotom-5-768x516.jpg 768w, https:\/\/diarioregionaldigital.com.br\/wp-content\/uploads\/2019\/07\/fotom-5-1024x688.jpg 1024w, https:\/\/diarioregionaldigital.com.br\/wp-content\/uploads\/2019\/07\/fotom-5-360x242.jpg 360w\" sizes=\"auto, (max-width: 680px) 100vw, 680px\" \/><p id=\"caption-attachment-144659\" class=\"wp-caption-text\">Gilmara Rocha, Geraldo Gomes (RCWTV) e Francele Galil<\/p><\/div>\n<div id=\"attachment_144660\" style=\"width: 690px\" class=\"wp-caption aligncenter\"><img loading=\"lazy\" decoding=\"async\" aria-describedby=\"caption-attachment-144660\" class=\"wp-image-144660\" src=\"https:\/\/diarioregionaldigital.com.br\/wp-content\/uploads\/2019\/07\/foton-3.jpg\" alt=\"\" width=\"680\" height=\"455\" srcset=\"https:\/\/diarioregionaldigital.com.br\/wp-content\/uploads\/2019\/07\/foton-3.jpg 1758w, https:\/\/diarioregionaldigital.com.br\/wp-content\/uploads\/2019\/07\/foton-3-300x201.jpg 300w, https:\/\/diarioregionaldigital.com.br\/wp-content\/uploads\/2019\/07\/foton-3-768x514.jpg 768w, https:\/\/diarioregionaldigital.com.br\/wp-content\/uploads\/2019\/07\/foton-3-1024x685.jpg 1024w, https:\/\/diarioregionaldigital.com.br\/wp-content\/uploads\/2019\/07\/foton-3-360x241.jpg 360w\" sizes=\"auto, (max-width: 680px) 100vw, 680px\" \/><p id=\"caption-attachment-144660\" class=\"wp-caption-text\">Eveline Moura, Gilmara Rocha, Aline Moura<\/p><\/div>\n<div id=\"attachment_144652\" style=\"width: 690px\" class=\"wp-caption aligncenter\"><img loading=\"lazy\" decoding=\"async\" aria-describedby=\"caption-attachment-144652\" class=\"wp-image-144652\" src=\"https:\/\/diarioregionaldigital.com.br\/wp-content\/uploads\/2019\/07\/fotod-16.jpg\" alt=\"\" width=\"680\" height=\"456\" srcset=\"https:\/\/diarioregionaldigital.com.br\/wp-content\/uploads\/2019\/07\/fotod-16.jpg 1752w, https:\/\/diarioregionaldigital.com.br\/wp-content\/uploads\/2019\/07\/fotod-16-300x201.jpg 300w, https:\/\/diarioregionaldigital.com.br\/wp-content\/uploads\/2019\/07\/fotod-16-768x516.jpg 768w, https:\/\/diarioregionaldigital.com.br\/wp-content\/uploads\/2019\/07\/fotod-16-1024x687.jpg 1024w, https:\/\/diarioregionaldigital.com.br\/wp-content\/uploads\/2019\/07\/fotod-16-360x242.jpg 360w\" sizes=\"auto, (max-width: 680px) 100vw, 680px\" \/><p id=\"caption-attachment-144652\" class=\"wp-caption-text\">Dr\u00aa Renata Goudinho Hollanda, Dr. Erik Hollanda, Gilmara Rocha, Dr. Lindomar Delgado, Renata Monteiro, Dr. Thiago Delgado, Ivam Resende e Erika Resende<\/p><\/div>\n<div id=\"attachment_144649\" style=\"width: 690px\" class=\"wp-caption aligncenter\"><img loading=\"lazy\" decoding=\"async\" aria-describedby=\"caption-attachment-144649\" class=\"wp-image-144649\" src=\"https:\/\/diarioregionaldigital.com.br\/wp-content\/uploads\/2019\/07\/fotoa-18.jpg\" alt=\"\" width=\"680\" height=\"451\" srcset=\"https:\/\/diarioregionaldigital.com.br\/wp-content\/uploads\/2019\/07\/fotoa-18.jpg 1764w, https:\/\/diarioregionaldigital.com.br\/wp-content\/uploads\/2019\/07\/fotoa-18-300x199.jpg 300w, https:\/\/diarioregionaldigital.com.br\/wp-content\/uploads\/2019\/07\/fotoa-18-768x509.jpg 768w, https:\/\/diarioregionaldigital.com.br\/wp-content\/uploads\/2019\/07\/fotoa-18-1024x679.jpg 1024w, https:\/\/diarioregionaldigital.com.br\/wp-content\/uploads\/2019\/07\/fotoa-18-360x239.jpg 360w\" sizes=\"auto, (max-width: 680px) 100vw, 680px\" \/><p id=\"caption-attachment-144649\" class=\"wp-caption-text\">As empreendedoras Gilmara Rocha, Renata Monteiro, B\u00e1rbara Bonif\u00e1cio e Patr\u00edcia Villela<\/p><\/div>\n<p><img loading=\"lazy\" decoding=\"async\" class=\"aligncenter size-full wp-image-144662\" src=\"https:\/\/diarioregionaldigital.com.br\/wp-content\/uploads\/2019\/07\/anuncio22.jpg\" alt=\"\" width=\"1738\" height=\"646\" srcset=\"https:\/\/diarioregionaldigital.com.br\/wp-content\/uploads\/2019\/07\/anuncio22.jpg 1738w, https:\/\/diarioregionaldigital.com.br\/wp-content\/uploads\/2019\/07\/anuncio22-300x112.jpg 300w, https:\/\/diarioregionaldigital.com.br\/wp-content\/uploads\/2019\/07\/anuncio22-768x285.jpg 768w, https:\/\/diarioregionaldigital.com.br\/wp-content\/uploads\/2019\/07\/anuncio22-1024x381.jpg 1024w, https:\/\/diarioregionaldigital.com.br\/wp-content\/uploads\/2019\/07\/anuncio22-360x134.jpg 360w\" sizes=\"auto, (max-width: 1738px) 100vw, 1738px\" \/><\/p>\n","protected":false},"excerpt":{"rendered":"<p>Teatro O Teatro Solar estar\u00e1 iluminado no domingo, 28 de julho, \u00e0s 16 horas, para o projeto Divers\u00e3o em Cena ArcelorMital apresentar o espet\u00e1culo musical Pra Ca Tum! Do musico Fabr\u00edcio Delgado que atua nesta \u00e1rea h\u00e1 mais de 25 anos. As m\u00fasicas do espet\u00e1culo s\u00e3o executadas com instrumentos ind\u00edgenas, africanos e portugueses. Jornada O [&hellip;]<\/p>\n","protected":false},"author":96,"featured_media":144649,"comment_status":"closed","ping_status":"closed","sticky":false,"template":"","format":"standard","meta":{"footnotes":""},"categories":[264],"tags":[],"class_list":["post-144661","post","type-post","status-publish","format-standard","has-post-thumbnail","hentry","category-eduardo-gomes"],"_links":{"self":[{"href":"https:\/\/diarioregionaldigital.com.br\/index.php?rest_route=\/wp\/v2\/posts\/144661","targetHints":{"allow":["GET"]}}],"collection":[{"href":"https:\/\/diarioregionaldigital.com.br\/index.php?rest_route=\/wp\/v2\/posts"}],"about":[{"href":"https:\/\/diarioregionaldigital.com.br\/index.php?rest_route=\/wp\/v2\/types\/post"}],"author":[{"embeddable":true,"href":"https:\/\/diarioregionaldigital.com.br\/index.php?rest_route=\/wp\/v2\/users\/96"}],"replies":[{"embeddable":true,"href":"https:\/\/diarioregionaldigital.com.br\/index.php?rest_route=%2Fwp%2Fv2%2Fcomments&post=144661"}],"version-history":[{"count":0,"href":"https:\/\/diarioregionaldigital.com.br\/index.php?rest_route=\/wp\/v2\/posts\/144661\/revisions"}],"wp:featuredmedia":[{"embeddable":true,"href":"https:\/\/diarioregionaldigital.com.br\/index.php?rest_route=\/wp\/v2\/media\/144649"}],"wp:attachment":[{"href":"https:\/\/diarioregionaldigital.com.br\/index.php?rest_route=%2Fwp%2Fv2%2Fmedia&parent=144661"}],"wp:term":[{"taxonomy":"category","embeddable":true,"href":"https:\/\/diarioregionaldigital.com.br\/index.php?rest_route=%2Fwp%2Fv2%2Fcategories&post=144661"},{"taxonomy":"post_tag","embeddable":true,"href":"https:\/\/diarioregionaldigital.com.br\/index.php?rest_route=%2Fwp%2Fv2%2Ftags&post=144661"}],"curies":[{"name":"wp","href":"https:\/\/api.w.org\/{rel}","templated":true}]}}