{"id":144644,"date":"2019-07-25T17:30:50","date_gmt":"2019-07-25T20:30:50","guid":{"rendered":"https:\/\/diarioregionaldigital.com.br\/?p=144644"},"modified":"2019-07-25T17:30:50","modified_gmt":"2019-07-25T20:30:50","slug":"dem-expulsa-filiado-suspeito-de-invadir-celulares-preso-pela-pf","status":"publish","type":"post","link":"https:\/\/diarioregionaldigital.com.br\/?p=144644","title":{"rendered":"DEM expulsa filiado suspeito de invadir celulares preso pela PF"},"content":{"rendered":"<p>O diret\u00f3rio nacional do DEM decidiu expulsar Walter Delgatti Neto do partido. Suspeitos de invadir telefones celulares, incluindo os aparelhos de autoridades p\u00fablicas como o ministro da Justi\u00e7a e Seguran\u00e7a P\u00fablica, Sergio Moro,\u00a0Neto foi detido em car\u00e1ter tempor\u00e1rio\u00a0nesta ter\u00e7a-feira (23), no \u00e2mbito da Opera\u00e7\u00e3o Spoofing, da Pol\u00edcia Federal (PF).<\/p>\n<p>Em nota divulgada hoje (25), o DEM informou que a expuls\u00e3o sum\u00e1ria foi determinada pelo presidente nacional da legenda, Antonio Carlos Magalh\u00e3es Neto, prefeito de Salvador (BA). A investiga\u00e7\u00e3o policial est\u00e1 em curso e tanto Walter, quanto os outros tr\u00eas suspeitos detidos na mesma opera\u00e7\u00e3o s\u00e3o tratados com suspeitos. Ainda assim, para ACM Neto, est\u00e1 claro que Walter descumpriu dever \u00e9ticos previstos no Estatuto do partido.<\/p>\n<p>Admitindo a tese\u00a0de que o\u00a0filiado est\u00e1 \u201cenvolvido com o ataque hacker\u00a0a celulares de autoridades\u201d, o partido defende que a Justi\u00e7a esclare\u00e7a os fatos \u201ce que os envolvidos no processo criminoso sejam punidos de forma efetiva e com todo o rigor\u201d.<\/p>\n<p>Walter era filiado ao diret\u00f3rio de Araraquara, cidade do interior de S\u00e3o Paulo onde reside. Segundo o DEM, ele n\u00e3o tem participa\u00e7\u00e3o ativa no cotidiano partid\u00e1rio e a legenda n\u00e3o pode se responsabilizar pelas atitudes de seus milhares de filiados. \u201cCondenamos, de maneira veemente e dura, o cometimento de qualquer ato de irregularidade por quem quer que seja \u2013 filiado ao DEM ou outras legendas\u201d, acrescenta o diret\u00f3rio nacional na nota assinada por ACM Neto.<\/p>\n<p>Hoje (25), o Minist\u00e9rio da Justi\u00e7a e Seguran\u00e7a P\u00fablica informou que a Pol\u00edcia Federal (PF) verificou que aparelhos\u00a0celulares usados pelo presidente da Rep\u00fablica, Jair Bolsonaro, tamb\u00e9m foi alvo da a\u00e7\u00e3o do grupo que, de acordo com a PF, pode ter invadido\u00a0ao menos mil linhas telef\u00f4nicas.<\/p>\n<p>Al\u00e9m de Walter, est\u00e3o detidos, em Bras\u00edlia, Danilo Cristiano Marques; Gustavo Henrique Elias Santos e sua companheira, Suelen Priscila de Oliveira. Ontem (24), o advogado do casal Gustavo-Suelen, Ariovaldo Moreira, revelou\u00a0a jornalistas que\u00a0seu cliente confirmou\u00a0que, h\u00e1 alguns meses, Walter lhe enviou, pelas redes sociais, imagens de uma suposta mensagem enviada pelo ent\u00e3o juiz federal Sergio Moro a outras autoridades p\u00fablicas.<\/p>\n<p>\u201cSegundo Gustavo, Walter mostrou a ele algumas intercepta\u00e7\u00f5es de uma autoridade h\u00e1 algum tempo. Essa autoridade era o hoje ministro da Justi\u00e7a e Seguran\u00e7a P\u00fablica, Sergio Moro, mas Gustavo negou qualquer envolvimento com a intercepta\u00e7\u00e3o dessas mensagens. E, inclusive, chegou a alertar Walter que aquilo lhe causaria problemas\u201d, disse o advogado, acrescentando que Gustavo n\u00e3o denunciou Walter pela rela\u00e7\u00e3o de amizade que mantinham, embora j\u00e1 n\u00e3o se encontrassem h\u00e1 algum tempo.<\/p>\n<p>&nbsp;<\/p>\n<p>Fonte: Ag\u00eancia Brasil<\/p>\n","protected":false},"excerpt":{"rendered":"<p>O diret\u00f3rio nacional do DEM decidiu expulsar Walter Delgatti Neto do partido. Suspeitos de invadir telefones celulares, incluindo os aparelhos de autoridades p\u00fablicas como o ministro da Justi\u00e7a e Seguran\u00e7a P\u00fablica, Sergio Moro,\u00a0Neto foi detido em car\u00e1ter tempor\u00e1rio\u00a0nesta ter\u00e7a-feira (23), no \u00e2mbito da Opera\u00e7\u00e3o Spoofing, da Pol\u00edcia Federal (PF). Em nota divulgada hoje (25), o [&hellip;]<\/p>\n","protected":false},"author":96,"featured_media":97343,"comment_status":"closed","ping_status":"closed","sticky":false,"template":"","format":"standard","meta":{"footnotes":""},"categories":[436,254,439],"tags":[],"class_list":["post-144644","post","type-post","status-publish","format-standard","has-post-thumbnail","hentry","category-destaque-da-semana","category-politica","category-ultima-hora"],"_links":{"self":[{"href":"https:\/\/diarioregionaldigital.com.br\/index.php?rest_route=\/wp\/v2\/posts\/144644","targetHints":{"allow":["GET"]}}],"collection":[{"href":"https:\/\/diarioregionaldigital.com.br\/index.php?rest_route=\/wp\/v2\/posts"}],"about":[{"href":"https:\/\/diarioregionaldigital.com.br\/index.php?rest_route=\/wp\/v2\/types\/post"}],"author":[{"embeddable":true,"href":"https:\/\/diarioregionaldigital.com.br\/index.php?rest_route=\/wp\/v2\/users\/96"}],"replies":[{"embeddable":true,"href":"https:\/\/diarioregionaldigital.com.br\/index.php?rest_route=%2Fwp%2Fv2%2Fcomments&post=144644"}],"version-history":[{"count":0,"href":"https:\/\/diarioregionaldigital.com.br\/index.php?rest_route=\/wp\/v2\/posts\/144644\/revisions"}],"wp:featuredmedia":[{"embeddable":true,"href":"https:\/\/diarioregionaldigital.com.br\/index.php?rest_route=\/wp\/v2\/media\/97343"}],"wp:attachment":[{"href":"https:\/\/diarioregionaldigital.com.br\/index.php?rest_route=%2Fwp%2Fv2%2Fmedia&parent=144644"}],"wp:term":[{"taxonomy":"category","embeddable":true,"href":"https:\/\/diarioregionaldigital.com.br\/index.php?rest_route=%2Fwp%2Fv2%2Fcategories&post=144644"},{"taxonomy":"post_tag","embeddable":true,"href":"https:\/\/diarioregionaldigital.com.br\/index.php?rest_route=%2Fwp%2Fv2%2Ftags&post=144644"}],"curies":[{"name":"wp","href":"https:\/\/api.w.org\/{rel}","templated":true}]}}