{"id":144634,"date":"2019-07-25T15:31:41","date_gmt":"2019-07-25T18:31:41","guid":{"rendered":"https:\/\/diarioregionaldigital.com.br\/?p=144634"},"modified":"2019-07-25T15:31:41","modified_gmt":"2019-07-25T18:31:41","slug":"tragedia-de-brumadinho-comove-bombeiros-que-trabalham-no-resgate","status":"publish","type":"post","link":"https:\/\/diarioregionaldigital.com.br\/?p=144634","title":{"rendered":"Trag\u00e9dia de Brumadinho comove bombeiros que trabalham no resgate"},"content":{"rendered":"<p>O trabalho dos bombeiros desde o rompimento da barragem 1, da Vale, na Mina C\u00f3rrego do Feij\u00e3o, em Brumadinho (MG), em 25 de janeiro deste ano, tem sido exaustivo e com momentos de muita tristeza. Para o porta-voz da corpora\u00e7\u00e3o, tenente Pedro Aihara, s\u00e3o seis meses de uma opera\u00e7\u00e3o muito complexa, que exige em termos log\u00edsticos e humanos, mas tamb\u00e9m \u00e9 um per\u00edodo em que a popula\u00e7\u00e3o tem visto claramente o compromisso e o envolvimento da corpora\u00e7\u00e3o com a dor das fam\u00edlias.<\/p>\n<p>Segundo o tenente, nesse tempo, foram localizadas 270 v\u00edtimas e, dessas 248 foram identificadas, o que d\u00e1 aproximadamente quase 92%, patamar que era considerado imposs\u00edvel, para muitos especialistas internacionais. Ainda h\u00e1 22 pessoas desaparecidas. Na vis\u00e3o dele, s\u00f3 foi poss\u00edvel alcan\u00e7ar esse \u00edndice de localiza\u00e7\u00e3o gra\u00e7as a um trabalho de muita dedica\u00e7\u00e3o. Durante os seis meses houve investimento no aprimoramento da intelig\u00eancia operacional empregada, revolvendo menos de 10% do rejeito a partir das an\u00e1lises, do cruzamento de dados, da verifica\u00e7\u00e3o de onde estavam as pessoas, como foi o fluxo e a velocidade da lama e onde ficou retida.<\/p>\n<p>\u201cAinda estamos com 22 pessoas desaparecidas. Na atual fase da opera\u00e7\u00e3o trabalhamos no sentido de compreender como a gente pode definir as \u00e1reas priorit\u00e1rias de busca, onde h\u00e1 maior possibilidade de encontrar as v\u00edtimas e a partir das que j\u00e1 foram levantadas, a gente fazer um trabalho direcionado nesse foco\u201d, disse \u00e0\u00a0<strong>Ag\u00eancia Brasil.<\/strong><\/p>\n<p>Aihara afirmou ser muito importante destacar que a opera\u00e7\u00e3o continua e emprega diariamente mais de 150 agentes. Desde o dia 25 de janeiro n\u00e3o houve interrup\u00e7\u00f5es no trabalho dos bombeiros tanto em melhores como em piores condi\u00e7\u00f5es. O compromisso, conforme o porta-voz, \u00e9 achar todas v\u00edtimas ou, ent\u00e3o, encerrar a opera\u00e7\u00e3o quando n\u00e3o houver mais viabilidade t\u00e9cnica para as buscas.<\/p>\n<p>\u201cA gente atua hoje com mais de 100 m\u00e1quinas pesadas como retroescavadeiras e com mais de 150 bombeiros militares por dia. Agora a gente trabalha em uma \u00e1rea de 4 milh\u00f5es de m\u00b2, volume de rejeitos de 10,5 milh\u00f5es m\u00b3 e hoje existem mais de 25 frentes simult\u00e2neas de trabalho para conseguir inspecionar todos os locais em um mesmo momento\u201d.<\/p>\n<p>O tenente revelou que nesta fase da opera\u00e7\u00e3o j\u00e1 n\u00e3o h\u00e1 tanta necessidade de utilizar helic\u00f3pteros. Para fazer a varredura a\u00e9rea, os bombeiros est\u00e3o se valendo de drones e ainda o equipamento que consegue identificar uma concentra\u00e7\u00e3o de massa met\u00e1lica, que pode ser de um carro ou de uma locomotiva que foram soterrados. Al\u00e9m disso, contam com a atua\u00e7\u00e3o de c\u00e3es de buscas. \u201cTudo isso a gente alimenta uma base de dados de informa\u00e7\u00e3o relevante e, com isso, consegue estimar com precis\u00e3o determinadas \u00e1reas onde podem estar as v\u00edtimas\u201d, contou.<\/p>\n<p>O porta-voz reconheceu que as buscas s\u00e3o um tipo de ocorr\u00eancia que e exige muito dos bombeiros tamb\u00e9m psicologicamente, mas ponderou que os agentes entendem a import\u00e2ncia das suas atua\u00e7\u00f5es para trazer tranquilidade e paz para as fam\u00edlias que est\u00e3o com parentes desaparecidos. \u201cPor mais dif\u00edcil que seja o momento no ponto de vista do nosso psicol\u00f3gico, a gente sabe que esse \u00e9 um momento de doa\u00e7\u00e3o ao outro, em poder prestar um bom servi\u00e7o diante da expectativa de tanta gente\u201d, afirmou.<\/p>\n<p>Na vis\u00e3o do tenente, o que mais o impressionou nesse tempo foi a for\u00e7a das pessoas. \u201cMesmo diante desse cen\u00e1rio de trag\u00e9dia elas t\u00eam conseguido encontrar for\u00e7as para seguirem suas vidas para enxergarem esperan\u00e7a onde existe tanta dor e sofrimento. O que a gente puder contribuir no sentido de fornecer um alento dessas pessoas, isso tamb\u00e9m \u00e9 um compromisso que a gente assumiu. Todas as semanas a gente faz reuni\u00e3o com as fam\u00edlias para mostrar tudo que est\u00e1 sendo feito\u201d, apontou.<\/p>\n<p>\u201cN\u00e3o \u00e9 s\u00f3 uma opera\u00e7\u00e3o de resgate de corpos e de cad\u00e1veres \u00e9, sobretudo, uma opera\u00e7\u00e3o de resgate de dignidade, de dar a essas pessoas um acolhimento e mostrar que existe uma institui\u00e7\u00e3o que se importa com cada uma delas\u201d, observou, acrescentando, que a diferen\u00e7a entre encontrar um sobrevivente e uma v\u00edtima morta est\u00e1 na possibilidade de reduzir o sofrimento da fam\u00edlia que tem o seu parente desaparecido e sem identifica\u00e7\u00e3o.<\/p>\n<p>Para Aihara, atualmente a cidade de Brumadinho tem o sentimento de tristeza e de consterna\u00e7\u00e3o, aliado \u00e0 necessidade de reconstru\u00e7\u00e3o. Conforme o tenente, este \u00e9 um momento tamb\u00e9m de reflex\u00e3o para novas trag\u00e9dias como esta n\u00e3o ocorram. \u201cQue se possa utilizar esta situa\u00e7\u00e3o t\u00e3o triste, esse legado t\u00e3o pesado para identificar como a gente pode estabelecer cen\u00e1rios mais seguros e uma cultura de preven\u00e7\u00e3o de acidentes para o pa\u00eds e fazer tudo para que isso n\u00e3o aconte\u00e7a mais\u201d, defendeu.em<\/p>\n<p>O mesmo sentimento, tem o operador ambiental da Vale, Sebasti\u00e3o Gomes, um sobrevivente do rompimento da barragem de Brumadinho. \u201cEu quero e muita gente quer, que isso n\u00e3o seja esquecido.Tanto Mariana como Brumadinho para que algo como esse n\u00e3o se repita\u201d.<\/p>\n<p>Fonte: Ag\u00eancia Brasil<\/p>\n","protected":false},"excerpt":{"rendered":"<p>O trabalho dos bombeiros desde o rompimento da barragem 1, da Vale, na Mina C\u00f3rrego do Feij\u00e3o, em Brumadinho (MG), em 25 de janeiro deste ano, tem sido exaustivo e com momentos de muita tristeza. Para o porta-voz da corpora\u00e7\u00e3o, tenente Pedro Aihara, s\u00e3o seis meses de uma opera\u00e7\u00e3o muito complexa, que exige em termos [&hellip;]<\/p>\n","protected":false},"author":96,"featured_media":144638,"comment_status":"closed","ping_status":"closed","sticky":false,"template":"","format":"standard","meta":{"footnotes":""},"categories":[436,252,439],"tags":[],"class_list":["post-144634","post","type-post","status-publish","format-standard","has-post-thumbnail","hentry","category-destaque-da-semana","category-regiao","category-ultima-hora"],"_links":{"self":[{"href":"https:\/\/diarioregionaldigital.com.br\/index.php?rest_route=\/wp\/v2\/posts\/144634","targetHints":{"allow":["GET"]}}],"collection":[{"href":"https:\/\/diarioregionaldigital.com.br\/index.php?rest_route=\/wp\/v2\/posts"}],"about":[{"href":"https:\/\/diarioregionaldigital.com.br\/index.php?rest_route=\/wp\/v2\/types\/post"}],"author":[{"embeddable":true,"href":"https:\/\/diarioregionaldigital.com.br\/index.php?rest_route=\/wp\/v2\/users\/96"}],"replies":[{"embeddable":true,"href":"https:\/\/diarioregionaldigital.com.br\/index.php?rest_route=%2Fwp%2Fv2%2Fcomments&post=144634"}],"version-history":[{"count":0,"href":"https:\/\/diarioregionaldigital.com.br\/index.php?rest_route=\/wp\/v2\/posts\/144634\/revisions"}],"wp:featuredmedia":[{"embeddable":true,"href":"https:\/\/diarioregionaldigital.com.br\/index.php?rest_route=\/wp\/v2\/media\/144638"}],"wp:attachment":[{"href":"https:\/\/diarioregionaldigital.com.br\/index.php?rest_route=%2Fwp%2Fv2%2Fmedia&parent=144634"}],"wp:term":[{"taxonomy":"category","embeddable":true,"href":"https:\/\/diarioregionaldigital.com.br\/index.php?rest_route=%2Fwp%2Fv2%2Fcategories&post=144634"},{"taxonomy":"post_tag","embeddable":true,"href":"https:\/\/diarioregionaldigital.com.br\/index.php?rest_route=%2Fwp%2Fv2%2Ftags&post=144634"}],"curies":[{"name":"wp","href":"https:\/\/api.w.org\/{rel}","templated":true}]}}