{"id":144631,"date":"2019-07-25T15:23:38","date_gmt":"2019-07-25T18:23:38","guid":{"rendered":"https:\/\/diarioregionaldigital.com.br\/?p=144631"},"modified":"2019-07-25T15:23:38","modified_gmt":"2019-07-25T18:23:38","slug":"bolsonaro-diz-que-acao-de-hackers-e-atentado-grave-contra-o-brasil","status":"publish","type":"post","link":"https:\/\/diarioregionaldigital.com.br\/?p=144631","title":{"rendered":"Bolsonaro diz que a\u00e7\u00e3o de hackers \u00e9 atentado grave contra o Brasil"},"content":{"rendered":"<p>O presidente\u00a0Jair Bolsonaro\u00a0disse hoje (25), em sua conta no Twitter, que a a\u00e7\u00e3o dos\u00a0<em>hackers<\/em>\u00a0que invadiram seu telefone celular \u00e9 \u201cum atentado grave contra o Brasil e suas institui\u00e7\u00f5es\u201d. O telefone celular do presidente da Rep\u00fablica foi alvo da a\u00e7\u00e3o do grupo suspeito de invadir ao menos mil linhas telef\u00f4nicas, incluindo a de v\u00e1rias autoridades p\u00fablicas, como o\u00a0ministro da Justi\u00e7a e Seguran\u00e7a P\u00fablica, Sergio Moro. Ainda nas redes sociais, o presidente destacou que n\u00e3o trata de\u00a0temas sens\u00edveis ou de seguran\u00e7a nacional por celular.<\/p>\n<blockquote class=\"twitter-tweet\" data-width=\"550\" data-dnt=\"true\">\n<p lang=\"pt\" dir=\"ltr\">&#8211; Por quest\u00e3o de seguran\u00e7a nacional, fui informado pela Pol\u00edcia Federal e <a href=\"https:\/\/twitter.com\/JusticaGovBR?ref_src=twsrc%5Etfw\">@JusticaGovBR<\/a> de que meus celulares foram invadidos pela quadrilha presa na ter\u00e7a, 23. Um tentado grave contra o Brasil e suas institui\u00e7\u00f5es. Que sejam duramente punidos! O Brasil n\u00e3o \u00e9 mais terra sem lei.<\/p>\n<p>&mdash; Jair M. Bolsonaro (@jairbolsonaro) <a href=\"https:\/\/twitter.com\/jairbolsonaro\/status\/1154404357250736134?ref_src=twsrc%5Etfw\">July 25, 2019<\/a><\/p><\/blockquote>\n<p><script async src=\"https:\/\/platform.twitter.com\/widgets.js\" charset=\"utf-8\"><\/script><\/p>\n<p>Tamb\u00e9m pelo Twitter, a l\u00edder do governo no Congresso, Joice Hasselmann (PSL-SP), se pronunciou sobre o caso. \u201cOs celulares usados pelo presidente @jairbolsonaro tamb\u00e9m foram\u00a0<em>hackeados<\/em>! \u00c9 grav\u00edssimo\u201d.<\/p>\n<p>Na ter\u00e7a-feira, a PF deflagrou a chamada Opera\u00e7\u00e3o Spoofing, que apura a suspeita de crimes cibern\u00e9ticos. Foram cumpridos quatro mandados de pris\u00e3o tempor\u00e1ria e sete de busca e apreens\u00e3o\u00a0autorizados pelo juiz Vallisney de Souza Oliveira, titular da 10\u00aa Vara Federal de Bras\u00edlia, que afirmou haver, nas informa\u00e7\u00f5es iniciais apresentadas pela PF, \u201cfortes ind\u00edcios de que os investigados integram organiza\u00e7\u00e3o criminosa\u201d.<\/p>\n<p>O cumprimento dos mandados\u00a0resultou na pris\u00e3o\u00a0de Danilo Cristiano Marques, Gustavo Henrique Elias Santos, Suelen Priscila de Oliveira e Walter Delgatti Neto. Ao pedir a deten\u00e7\u00e3o dos quatro, a PF apresentou \u201cum hist\u00f3rico de poss\u00edveis crimes\u201d que os investigados teriam praticado em conjunto\u201d para \u201cviolar o sigilo telef\u00f4nico de diversas autoridades p\u00fablicas brasileiras via invas\u00e3o do aplicativo Telegram\u201d.<\/p>\n<p>Ao autorizar as pris\u00f5es tempor\u00e1rias, a realiza\u00e7\u00e3o de busca e apreens\u00f5es em endere\u00e7os ligados aos investigados, bem como a quebra do sigilo fiscal e de comunica\u00e7\u00f5es e o bloqueio de bens dos suspeitos, o juiz Vallisney de Souza Oliveira afirmou que as pris\u00f5es tempor\u00e1rias dos investigados pelo prazo de cinco dias s\u00e3o essenciais para a obten\u00e7\u00e3o de provas.<\/p>\n<h2>Nota do GSI<\/h2>\n<p>Em nota, o Gabinete de Seguran\u00e7a Institucional (GSI) disse que disponibiliza ao governo federal, por meio da Ag\u00eancia Brasileira de Intelig\u00eancia, um terminal de comunica\u00e7\u00e3o seguro (TCS), com tecnologia da pr\u00f3pria ag\u00eancia, \u201ccabendo \u00e0s autoridades optar pelo equipamento e oper\u00e1-lo conforme suas necessidades funcionais\u201d.<\/p>\n<p>Segundo o gabinete, TCS \u00e9 m\u00f3vel, tem fun\u00e7\u00f5es de chamada de voz e troca de mensagens e arquivos, criptografados com algoritmos de Estado. \u201cN\u00e3o permite a instala\u00e7\u00e3o de aplicativos comerciais e pode realizar liga\u00e7\u00f5es em claro (sem criptografia)\u201d, diz a nota.<\/p>\n<p>O GSI tamb\u00e9m informa que publica recomenda\u00e7\u00f5es e alertas de seguran\u00e7a \u00e0 administra\u00e7\u00e3o p\u00fablica federal de forma preventiva em raz\u00e3o da complexidade do tema, nos cen\u00e1rios nacional e internacional.<\/p>\n<p>A pasta acrescenta que detalhes e desdobramentos sobre o assunto ser\u00e3o apurados por inqu\u00e9rito instaurado pela Pol\u00edcia Federal.<\/p>\n<p>Fonte: Ag\u00eancia Brasil<\/p>\n","protected":false},"excerpt":{"rendered":"<p>O presidente\u00a0Jair Bolsonaro\u00a0disse hoje (25), em sua conta no Twitter, que a a\u00e7\u00e3o dos\u00a0hackers\u00a0que invadiram seu telefone celular \u00e9 \u201cum atentado grave contra o Brasil e suas institui\u00e7\u00f5es\u201d. O telefone celular do presidente da Rep\u00fablica foi alvo da a\u00e7\u00e3o do grupo suspeito de invadir ao menos mil linhas telef\u00f4nicas, incluindo a de v\u00e1rias autoridades p\u00fablicas, [&hellip;]<\/p>\n","protected":false},"author":96,"featured_media":144635,"comment_status":"closed","ping_status":"closed","sticky":false,"template":"","format":"standard","meta":{"footnotes":""},"categories":[436,254,439],"tags":[],"class_list":["post-144631","post","type-post","status-publish","format-standard","has-post-thumbnail","hentry","category-destaque-da-semana","category-politica","category-ultima-hora"],"_links":{"self":[{"href":"https:\/\/diarioregionaldigital.com.br\/index.php?rest_route=\/wp\/v2\/posts\/144631","targetHints":{"allow":["GET"]}}],"collection":[{"href":"https:\/\/diarioregionaldigital.com.br\/index.php?rest_route=\/wp\/v2\/posts"}],"about":[{"href":"https:\/\/diarioregionaldigital.com.br\/index.php?rest_route=\/wp\/v2\/types\/post"}],"author":[{"embeddable":true,"href":"https:\/\/diarioregionaldigital.com.br\/index.php?rest_route=\/wp\/v2\/users\/96"}],"replies":[{"embeddable":true,"href":"https:\/\/diarioregionaldigital.com.br\/index.php?rest_route=%2Fwp%2Fv2%2Fcomments&post=144631"}],"version-history":[{"count":0,"href":"https:\/\/diarioregionaldigital.com.br\/index.php?rest_route=\/wp\/v2\/posts\/144631\/revisions"}],"wp:featuredmedia":[{"embeddable":true,"href":"https:\/\/diarioregionaldigital.com.br\/index.php?rest_route=\/wp\/v2\/media\/144635"}],"wp:attachment":[{"href":"https:\/\/diarioregionaldigital.com.br\/index.php?rest_route=%2Fwp%2Fv2%2Fmedia&parent=144631"}],"wp:term":[{"taxonomy":"category","embeddable":true,"href":"https:\/\/diarioregionaldigital.com.br\/index.php?rest_route=%2Fwp%2Fv2%2Fcategories&post=144631"},{"taxonomy":"post_tag","embeddable":true,"href":"https:\/\/diarioregionaldigital.com.br\/index.php?rest_route=%2Fwp%2Fv2%2Ftags&post=144631"}],"curies":[{"name":"wp","href":"https:\/\/api.w.org\/{rel}","templated":true}]}}