{"id":144626,"date":"2019-07-28T06:00:32","date_gmt":"2019-07-28T09:00:32","guid":{"rendered":"https:\/\/diarioregionaldigital.com.br\/?p=144626"},"modified":"2019-07-29T14:58:15","modified_gmt":"2019-07-29T17:58:15","slug":"gastos-de-brasileiros-em-viagens-internacionais-sobem-244-em-junho","status":"publish","type":"post","link":"https:\/\/diarioregionaldigital.com.br\/?p=144626","title":{"rendered":"Gastos de brasileiros em viagens internacionais sobem 2,44% em junho"},"content":{"rendered":"<p>As despesas de brasileiros em viagens ao exterior aumentaram em junho. No m\u00eas passado, os gastos totalizaram US$ 1,524 bilh\u00e3o, com aumento de 2,44% em rela\u00e7\u00e3o ao mesmo m\u00eas de 2018. Os dados foram divulgados no \u00faltimo dia (25) pelo Banco Central (BC).<\/p>\n<p>No primeiro semestre, os gastos chegaram a US$ 8,807 bilh\u00f5es, queda de 8,01% na compara\u00e7\u00e3o com o mesmo per\u00edodo do ano passado, de acordo com dados das contas externas divulgados no \u00faltimo dia (25) pelo Banco Central (BC). A redu\u00e7\u00e3o ocorre por influ\u00eancia da cota\u00e7\u00e3o do d\u00f3lar. Com a alta da moeda, ficou mais caro viajar para o exterior.<\/p>\n<p>As receitas de estrangeiros em viagem ao Brasil chegaram a US$ 374 milh\u00f5es no m\u00eas passado e a US$ 3,076 bilh\u00f5es em seis meses, com retra\u00e7\u00e3o de 1,2% e de 5,07%, respectivamente, na compara\u00e7\u00e3o com os mesmos per\u00edodos de 2018. Com isso, a conta de viagens, formadas pelas despesas e as receitas, fechou junho negativa em US$ 1,150 bilh\u00e3o e o primeiro semestre com d\u00e9ficit de US$ 5,730 bilh\u00f5es.<\/p>\n<h2>Contas externas<\/h2>\n<p>As viagens internacionais fazem parte da conta de servi\u00e7os (viagens internacionais, transporte, aluguel de investimentos, entre outros) das transa\u00e7\u00f5es correntes, que s\u00e3o compras e vendas de mercadorias e servi\u00e7os e transfer\u00eancias de renda do Brasil com outros pa\u00edses. No m\u00eas passado, a conta de servi\u00e7o ficou negativa em US$ 3,280 bilh\u00f5es e no acumulado de seis meses, em US$ 15, 997 bilh\u00f5es.<\/p>\n<p>A balan\u00e7a comercial contribuiu positivamente para o resultado das contas externas ao registrar super\u00e1vit (exporta\u00e7\u00f5es maiores que importa\u00e7\u00f5es de mercadorias) de US$ 4,297 bilh\u00f5es em junho e de US$ 24,824 bilh\u00f5es no primeiro semestre.<\/p>\n<p>A conta renda prim\u00e1ria (lucros e dividendos, pagamentos de juros e sal\u00e1rios) registrou d\u00e9ficit de US$ 4,122 bilh\u00f5es no m\u00eas passado e de US$ 20,930 bilh\u00f5es nos \u00faltimos seis meses.<\/p>\n<p>A conta de renda secund\u00e1ria (renda gerada em uma economia e distribu\u00edda para outra, como doa\u00e7\u00f5es e remessas de d\u00f3lares, sem contrapartida de servi\u00e7os ou bens) teve resultado positivo de US$ 193 milh\u00f5es no m\u00eas passado e de US$ 1,550 bilh\u00e3o no primeiro semestre.<\/p>\n<p>Com esses resultados, as transa\u00e7\u00f5es correntes fecharam junho com d\u00e9ficit de US$ 2,914 bilh\u00f5es e o primeiro semestre com saldo negativo de US$ 10,553 bilh\u00f5es. Nos mesmos per\u00edodos de 2018, os resultados negativos eram maiores: US$ 8,002 bilh\u00f5es e US$ 14,511 bilh\u00f5es, respectivamente.<\/p>\n<h2>Investimento estrangeiro<\/h2>\n<p>Quando o pa\u00eds registra saldo negativo em transa\u00e7\u00f5es correntes, precisa cobrir o d\u00e9ficit com investimentos ou empr\u00e9stimos no exterior. A melhor forma de financiamento do saldo negativo \u00e9 o investimento direto no pa\u00eds (IDP), porque os recursos s\u00e3o aplicados no setor produtivo. No m\u00eas passado, esses investimentos chegaram a US$ 2,190 bilh\u00f5es, abaixo do d\u00e9ficit em transa\u00e7\u00f5es correntes. Nos seis meses do ano, entretanto, superaram o saldo negativo das contas externas ao registrarem US$ 37,338 bilh\u00f5es.<\/p>\n<p>Na compara\u00e7\u00e3o com 2018, houve queda de 68,39% no IDP em junho e aumento de 10,42% no primeiro semestre. O IDP \u00e9 formado por participa\u00e7\u00e3o de capital e por opera\u00e7\u00f5es de intercompanhias, que s\u00e3o empr\u00e9stimos da empresa matriz no exterior para a filial no Brasil. Essa queda no volume do IDP observada em junho ocorreu devido ao crescimento dos pagamentos desses empr\u00e9stimos.<\/p>\n<p>No m\u00eas, foi registrada sa\u00edda l\u00edquida do pa\u00eds (mais sa\u00edda de recursos para o pagamento dos empr\u00e9stimos \u00e0s matrizes do que entrada de cr\u00e9ditos vindos do exterior) de US$ 1,440 bilh\u00e3o em opera\u00e7\u00f5es de intercompanhia. Tamb\u00e9m foi registrada entrada de US$ 3,630 bilh\u00f5es em participa\u00e7\u00e3o de capitais.<\/p>\n<p>Fonte: Ag\u00eancia Brasil<\/p>\n","protected":false},"excerpt":{"rendered":"<p>As despesas de brasileiros em viagens ao exterior aumentaram em junho. No m\u00eas passado, os gastos totalizaram US$ 1,524 bilh\u00e3o, com aumento de 2,44% em rela\u00e7\u00e3o ao mesmo m\u00eas de 2018. Os dados foram divulgados no \u00faltimo dia (25) pelo Banco Central (BC). No primeiro semestre, os gastos chegaram a US$ 8,807 bilh\u00f5es, queda de [&hellip;]<\/p>\n","protected":false},"author":96,"featured_media":144628,"comment_status":"closed","ping_status":"closed","sticky":false,"template":"","format":"standard","meta":{"footnotes":""},"categories":[436,261,439],"tags":[],"class_list":["post-144626","post","type-post","status-publish","format-standard","has-post-thumbnail","hentry","category-destaque-da-semana","category-economia","category-ultima-hora"],"_links":{"self":[{"href":"https:\/\/diarioregionaldigital.com.br\/index.php?rest_route=\/wp\/v2\/posts\/144626","targetHints":{"allow":["GET"]}}],"collection":[{"href":"https:\/\/diarioregionaldigital.com.br\/index.php?rest_route=\/wp\/v2\/posts"}],"about":[{"href":"https:\/\/diarioregionaldigital.com.br\/index.php?rest_route=\/wp\/v2\/types\/post"}],"author":[{"embeddable":true,"href":"https:\/\/diarioregionaldigital.com.br\/index.php?rest_route=\/wp\/v2\/users\/96"}],"replies":[{"embeddable":true,"href":"https:\/\/diarioregionaldigital.com.br\/index.php?rest_route=%2Fwp%2Fv2%2Fcomments&post=144626"}],"version-history":[{"count":0,"href":"https:\/\/diarioregionaldigital.com.br\/index.php?rest_route=\/wp\/v2\/posts\/144626\/revisions"}],"wp:featuredmedia":[{"embeddable":true,"href":"https:\/\/diarioregionaldigital.com.br\/index.php?rest_route=\/wp\/v2\/media\/144628"}],"wp:attachment":[{"href":"https:\/\/diarioregionaldigital.com.br\/index.php?rest_route=%2Fwp%2Fv2%2Fmedia&parent=144626"}],"wp:term":[{"taxonomy":"category","embeddable":true,"href":"https:\/\/diarioregionaldigital.com.br\/index.php?rest_route=%2Fwp%2Fv2%2Fcategories&post=144626"},{"taxonomy":"post_tag","embeddable":true,"href":"https:\/\/diarioregionaldigital.com.br\/index.php?rest_route=%2Fwp%2Fv2%2Ftags&post=144626"}],"curies":[{"name":"wp","href":"https:\/\/api.w.org\/{rel}","templated":true}]}}